{"id":2895,"date":"2026-01-23T11:14:55","date_gmt":"2026-01-23T11:14:55","guid":{"rendered":"https:\/\/www.lafraguabruta.com\/?p=2895"},"modified":"2026-04-21T17:48:22","modified_gmt":"2026-04-21T17:48:22","slug":"no-home-summer-movie","status":"publish","type":"post","link":"https:\/\/www.lafraguabruta.com\/index.php\/2026\/01\/23\/no-home-summer-movie\/","title":{"rendered":"NO-HOME SUMMER MOVIE"},"content":{"rendered":"\n<p><strong>\u00bfY SI EN COM\u00daN HACEMOS JUNTOS UNA PEL\u00cdCULA ANAL\u00d3GICA?<\/strong><\/p>\n\n\n\n<p id=\"block-83603ba1-4d59-4fa4-843e-a2e94d9720ef\" style=\"font-size:14px;font-style:normal;font-weight:300\">No queremos hacer una pel\u00edcula consensuada, ni debatida, ni colectiva, ni de no-autor. No queremos hacer una pel\u00edcula narrativa, ni experimental, ni documental. No queremos hacer una pel\u00edcula que se deje ver con correcci\u00f3n. Queremos hacer una pel\u00edcula que sea el resultado de un compartir un estar, un ver, un atender, un so\u00f1ar. Esa pel\u00edcula puede tener cualquier forma, incluso la forma del negro de la noche. A esa pel\u00edcula puedes ponerle los adjetivos que quieras: po\u00e9tica, so\u00f1ada, naciente. <strong>Lo que nos importa es investigar qu\u00e9 pasa cuando una decena de almas se juntan enfocadas y agradecidas bajo el mismo prop\u00f3sito<\/strong>.<\/p>\n\n\n\n<p id=\"block-83603ba1-4d59-4fa4-843e-a2e94d9720ef\" style=\"font-size:14px;font-style:normal;font-weight:300\">Hace mucho tiempo que el inter\u00e9s por el cine se ha desplazado, en nuestro caso, de la pel\u00edcula acabada al proceso de su creaci\u00f3n. La pel\u00edcula acabada capaz de hacernos vivir una experiencia de transformaci\u00f3n, donde los sentidos se extasian, las emociones quedan emancipadas y el pensamiento se ensancha, es una rareza. Muchos son los factores, desde la asunci\u00f3n colectiva de un \u00fanico imaginario que hace las veces de \u00abtecho de cristal\u00bb, hasta las estructuras de producci\u00f3n que afectan directamente a la forma final de la pieza. La pel\u00edcula acabada encierra en s\u00ed un modo de pensar, una filosof\u00eda de la que cada d\u00eda nos sentimos m\u00e1s lejos: fija en estados concretos el devenir de un proceso, ubica el objetivo por fuera del \u00abnosotros\u00bb, atiende a criterios est\u00e9ticos en base a juicios de valor, sujeta el resultado a una voz individual y pretende tener autoridad sobre el espacio de la posibilidad. Los procesos de creaci\u00f3n, en cambio, ponen el foco hacia un pensar en movimiento. Aqu\u00ed importa la transformaci\u00f3n, el encuentro, la escucha, la atenci\u00f3n y se aprecia la capacidad de investigar: el no saber, el descontrol, el desequilibrio o la torpeza. Los procesos de creaci\u00f3n se muestran al natural. Aman el aroma de las cosas al nacen. Sienten placer naciendo.<\/p>\n\n\n\n<p id=\"block-83603ba1-4d59-4fa4-843e-a2e94d9720ef\" style=\"font-size:14px;font-style:normal;font-weight:300\">Si asistir al proceso de creaci\u00f3n propio o ajeno ha ganado en nosotras el sentido para tomar una direcci\u00f3n, tambi\u00e9n ha tra\u00eddo de la mano la posibilidad de que tales procesos no se circunscriban a la esfera de lo individual. Entendemos lo individual como aquella ilusi\u00f3n dantesca en la que hace tiempo vivimos que nos hace creer que el mundo que habitamos pertenece a los nombres propios. El otro modo de pensar, la otra po\u00e9tica, experimenta habitar un mundo com\u00fan donde las singularidades comparten espacio sin necesidad de compartir sue\u00f1o y no se afanan por hacer valer un sue\u00f1o sobre otro. Los sue\u00f1os tienen l\u00f3gicas imposibles de descifrar y ninguno es mejor que otro. <\/p>\n\n\n\n<p id=\"block-83603ba1-4d59-4fa4-843e-a2e94d9720ef\" style=\"font-size:14px;font-style:normal;font-weight:300\">Un d\u00eda un monje so\u00f1\u00f3 que era una mariposa. Al despertar se pregunt\u00f3 si no ser\u00eda una mariposa so\u00f1ando ser un hombre. <\/p>\n\n\n\n<p id=\"block-83603ba1-4d59-4fa4-843e-a2e94d9720ef\" style=\"font-size:14px;font-style:normal;font-weight:300\">Toda nuestra investigaci\u00f3n se ha concretado los \u00faltimos cursos en propuestas para compartir una po\u00e9tica. Hemos creado un corpus de juegos, din\u00e1micas, aventuras que nos est\u00e1n permitiendo atender a eso que amamos: los procesos de creaci\u00f3n. Junt\u00e1ndolos y depur\u00e1ndolos es que hemos tramado esta propuesta: la de <strong>hacer juntos en verano una pel\u00edcula anal\u00f3gica<\/strong>.<\/p>\n\n\n\n<div class=\"wpcf7 no-js\" id=\"wpcf7-f3043-o1\" lang=\"es-ES\" dir=\"ltr\" data-wpcf7-id=\"3043\">\n<div class=\"screen-reader-response\"><p role=\"status\" aria-live=\"polite\" aria-atomic=\"true\"><\/p> <ul><\/ul><\/div>\n<form action=\"\/index.php\/wp-json\/wp\/v2\/posts\/2895#wpcf7-f3043-o1\" method=\"post\" class=\"wpcf7-form init\" aria-label=\"Formulario de contacto\" novalidate=\"novalidate\" data-status=\"init\">\n<fieldset class=\"hidden-fields-container\"><input type=\"hidden\" name=\"_wpcf7\" value=\"3043\" \/><input type=\"hidden\" name=\"_wpcf7_version\" value=\"6.1.5\" \/><input type=\"hidden\" name=\"_wpcf7_locale\" value=\"es_ES\" \/><input type=\"hidden\" name=\"_wpcf7_unit_tag\" value=\"wpcf7-f3043-o1\" \/><input type=\"hidden\" name=\"_wpcf7_container_post\" value=\"0\" \/><input type=\"hidden\" name=\"_wpcf7_posted_data_hash\" value=\"\" \/>\n<\/fieldset>\n<p><label> ESCRIBE ME INTERESA Y TE CONTESTAMOS:<br \/>\n<span class=\"wpcf7-form-control-wrap\" data-name=\"your-subject\"><input size=\"40\" maxlength=\"400\" class=\"wpcf7-form-control wpcf7-text wpcf7-validates-as-required\" aria-required=\"true\" aria-invalid=\"false\" value=\"\" type=\"text\" name=\"your-subject\" \/><\/span> <\/label>\n<\/p>\n<p><label>EMAIL:<br \/>\n<span class=\"wpcf7-form-control-wrap\" data-name=\"your-email\"><input size=\"40\" maxlength=\"400\" class=\"wpcf7-form-control wpcf7-email wpcf7-validates-as-required wpcf7-text wpcf7-validates-as-email\" autocomplete=\"email\" aria-required=\"true\" aria-invalid=\"false\" value=\"\" type=\"email\" name=\"your-email\" \/><\/span> <\/label>\n<\/p>\n<p><input class=\"wpcf7-form-control wpcf7-submit has-spinner\" type=\"submit\" value=\"enviar\" \/>\n<\/p><p style=\"display: none !important;\" class=\"akismet-fields-container\" data-prefix=\"_wpcf7_ak_\"><label>&#916;<textarea name=\"_wpcf7_ak_hp_textarea\" cols=\"45\" rows=\"8\" maxlength=\"100\"><\/textarea><\/label><input type=\"hidden\" id=\"ak_js_1\" name=\"_wpcf7_ak_js\" value=\"145\"\/><script type=\"text\/javascript\">\n\/* <![CDATA[ *\/\ndocument.getElementById( \"ak_js_1\" ).setAttribute( \"value\", ( new Date() ).getTime() );\n\/* ]]> *\/\n<\/script>\n<\/p><div class=\"wpcf7-response-output\" aria-hidden=\"true\"><\/div>\n<\/form>\n<\/div>\n\n\n\n\n<p id=\"block-e4947ca1-5e2c-43d8-a29f-fbde0edb83c1\" style=\"font-size:14px;font-style:normal;font-weight:300\"><strong>\u00bfUn poco m\u00e1s conciso, por favor?<\/strong> Es un encuentro de ocho d\u00edas donde compartimos espacio f\u00edsico \u2013una finca rural\u2013 y espacio de creaci\u00f3n. Durante los primeros d\u00edas habr\u00e1 din\u00e1micas que nos permitan investigar solos o acompa\u00f1ados en alguna direcci\u00f3n. La investigaci\u00f3n se centrar\u00e1 en tomar im\u00e1genes que den cuenta de un acercamiento pl\u00e1stico y sensitivo a alg\u00fan concepto y desde alg\u00fan reto que haga las veces de marco, de dispositivo y de l\u00edmite. En las tardes de esos d\u00edas ponemos en com\u00fan los frutos de tal investigaci\u00f3n con la mente puesta en lograr una composici\u00f3n que a todos\/as nos produzca algo. La composici\u00f3n la armaremos trabajando con las im\u00e1genes y desplegando atenci\u00f3n, intuici\u00f3n y silencio. Al resultado de estos d\u00edas lo llamaremos proto-pel\u00edcula. Los \u00faltimos d\u00edas configuraremos un mapa de rodaje, filmaremos con c\u00e1maras S8 \/ R8 distribuyendo los roles con total tranquilidad y revelaremos de forma casera. El \u00faltimo d\u00eda nos celebraremos, proyectaremos lo que haya salido y tal vez invitemos a gentes del pueblo a venir a ver lo que se cuece a su alrededor.<\/p>\n\n\n\n<p id=\"block-8e623450-ed1f-4735-90b3-76aa98e3cb00\"><strong>EN DETALLE<\/strong><\/p>\n\n\n\n<pre id=\"block-c974000b-e53f-4c07-ae9b-ddb34bcd77f2\" class=\"wp-block-preformatted has-background\" style=\"background-color:#fbe9b7;font-size:13px;font-style:normal;font-weight:300\"><strong>11 de julio de 2026<\/strong>:<br>Llegamos a partir de las <strong>16h<\/strong>. Nos acomodamos, nos presentamos, preparamos algo de cenar, cenamos y nos vamos prontito a dormir para tener energ\u00edas para el d\u00eda siguiente. <br><br><strong>12 - 15 de julio<\/strong> <strong>de 2026<\/strong>:<br>Desayuno sin horario.<br>De <strong>08:00h.<\/strong> a <strong>10:00h.<\/strong> Opcional: meditaci\u00f3n o yoga.<br>De<strong> 10:00h. <\/strong>a<strong> 13:00h.<\/strong> Jugar e investigar.<br>De <strong>13:30h. <\/strong>a<strong> 15:30h.<\/strong> Horario de cocina y comida.<br>De <strong>16:30h<\/strong>. a <strong>19:30h<\/strong>. Investigar, co-crear, compartir, jugar.<br>De <strong>19:30h. <\/strong>a<strong> 21:30h.<\/strong> Horario de cocina y cena. <br>De <strong>21:30h. <\/strong>a<strong> 23:00h.<\/strong> Opcional: Proyecci\u00f3n de cine, lectura, encuentro, baile\u2026<br><br><strong>16 de julio de 2026:<\/strong><br>Desayuno sin horario. <br>De <strong>08:00h.<\/strong> a <strong>10:00h.<\/strong> Opcional: meditaci\u00f3n o yoga.<br>De<strong> 10:00h. <\/strong>a<strong> 13:00h.<\/strong> Co-creaci\u00f3n. Definimos el sue\u00f1o de la proto-pel\u00edcula.<br>De <strong>13:30h. <\/strong>a<strong> 15:30h.<\/strong> Horario de cocina y comida.<br>De <strong>16:30h<\/strong>. a <strong>19:30h<\/strong>. Confeccionamos un plan de rodaje.<br>De <strong>19:30h. <\/strong>a<strong> 21:30h.<\/strong> Horario de cocina y cena.<br>De <strong>21:30h. <\/strong>a<strong> 00:00h.<\/strong> Opcional: Proyecci\u00f3n de cine, lectura, encuentro, baile\u2026<br><br><strong>17 de julio de 2026<\/strong>:<br>Filmaci\u00f3n en 8mm. de acuerdo al plan de rodaje. Los horarios de las comidas podr\u00edan verse alterados.<br><br><strong>18 de julio de 2026<\/strong>:<br>De <strong>08:00h.<\/strong> a <strong>10:00h.<\/strong> Opcional: meditaci\u00f3n o yoga.<br>De<strong> 10:00h. <\/strong>a<strong> 13:00h.<\/strong> Revelar.<br>De <strong>13:30h. <\/strong>a<strong> 15:30h.<\/strong> Horario de cocina y comida.<br>De <strong>16:30h<\/strong>. a <strong>19:30h<\/strong>. Visionar y montar.<br>De <strong>19:30h. <\/strong>a<strong> 21:30h.<\/strong> Cena de Gala.<br>De <strong>21:30h. <\/strong>a<strong> 00:00h.<\/strong> Proyecci\u00f3n del estado que alcanz\u00f3 nuestro sue\u00f1o com\u00fan llamado: pel\u00edcula.<br><br>* Este es solo un mapa que puede sufrir alguna modificaci\u00f3n en funci\u00f3n de factores que pueden estar fuera de nuestras manos. Las fechas todav\u00eda son orientativas.<\/pre>\n\n\n\n<p id=\"block-11b7cf6a-7fd5-44a6-b654-94f3218434a6\"><strong>PARA QUI\u00c9N<\/strong><\/p>\n\n\n\n<p id=\"block-eb51c88f-b9aa-48eb-9eaf-90bd94a1e501\" style=\"font-size:14px;font-style:normal;font-weight:300\">Destinado a amantes del cine, almas libres con inclinaciones comunitarias, naturalezas curiosas, cuestionadores del hacer ortodoxo, investigadores del anal\u00f3gico o de las nuevas pedagog\u00edas de la creaci\u00f3n, caminantes singulares.<\/p>\n\n\n\n<p id=\"block-fdcf5ce4-5632-43da-bdcc-f56759d27c61\"><strong>D\u00d3NDE<\/strong><\/p>\n\n\n\n<p id=\"block-0acf161e-9354-47b6-9893-f5e66a585e31\" style=\"font-size:14px;font-style:normal;font-weight:300\">En la finca El Planch\u00f3n en el t\u00e9rmino municipal de Garv\u00edn de la Jara. C\u00e1ceres, Extremadura. Si no tienes coche puedes preguntarnos por plazas libres en los veh\u00edculos de otros\/as participantes. Tambi\u00e9n puedes llegar en autob\u00fas hasta el pueblo y all\u00ed te recogemos.<\/p>\n\n\n\n<div class=\"wp-block-columns is-layout-flex wp-container-core-columns-is-layout-9d6595d7 wp-block-columns-is-layout-flex\">\n<div class=\"wp-block-column is-layout-flow wp-block-column-is-layout-flow\" style=\"flex-basis:100%\">\n<figure class=\"wp-block-image size-large is-resized is-style-rounded\"><img data-recalc-dims=\"1\" loading=\"lazy\" decoding=\"async\" width=\"640\" height=\"289\" src=\"https:\/\/i0.wp.com\/www.lafraguabruta.com\/wp-content\/uploads\/2024\/09\/YDRAY-IMG_20241013_090538.jpg?resize=640%2C289&#038;ssl=1\" alt=\"\" class=\"wp-image-2432\" style=\"width:313px;height:auto\" srcset=\"https:\/\/i0.wp.com\/www.lafraguabruta.com\/wp-content\/uploads\/2024\/09\/YDRAY-IMG_20241013_090538-scaled.jpg?resize=1024%2C462&amp;ssl=1 1024w, https:\/\/i0.wp.com\/www.lafraguabruta.com\/wp-content\/uploads\/2024\/09\/YDRAY-IMG_20241013_090538-scaled.jpg?resize=300%2C135&amp;ssl=1 300w, https:\/\/i0.wp.com\/www.lafraguabruta.com\/wp-content\/uploads\/2024\/09\/YDRAY-IMG_20241013_090538-scaled.jpg?resize=768%2C346&amp;ssl=1 768w, https:\/\/i0.wp.com\/www.lafraguabruta.com\/wp-content\/uploads\/2024\/09\/YDRAY-IMG_20241013_090538-scaled.jpg?resize=1536%2C693&amp;ssl=1 1536w, https:\/\/i0.wp.com\/www.lafraguabruta.com\/wp-content\/uploads\/2024\/09\/YDRAY-IMG_20241013_090538-scaled.jpg?resize=2048%2C924&amp;ssl=1 2048w, https:\/\/i0.wp.com\/www.lafraguabruta.com\/wp-content\/uploads\/2024\/09\/YDRAY-IMG_20241013_090538-scaled.jpg?resize=600%2C271&amp;ssl=1 600w, https:\/\/i0.wp.com\/www.lafraguabruta.com\/wp-content\/uploads\/2024\/09\/YDRAY-IMG_20241013_090538-scaled.jpg?w=1280&amp;ssl=1 1280w, https:\/\/i0.wp.com\/www.lafraguabruta.com\/wp-content\/uploads\/2024\/09\/YDRAY-IMG_20241013_090538-scaled.jpg?w=1920&amp;ssl=1 1920w\" sizes=\"auto, (max-width: 640px) 100vw, 640px\" \/><\/figure>\n<\/div>\n<\/div>\n\n\n\n<figure class=\"wp-block-image size-large is-resized is-style-rounded\"><img data-recalc-dims=\"1\" loading=\"lazy\" decoding=\"async\" width=\"640\" height=\"289\" src=\"https:\/\/i0.wp.com\/www.lafraguabruta.com\/wp-content\/uploads\/2024\/09\/YDRAY-IMG_20241012_102702.jpg?resize=640%2C289&#038;ssl=1\" alt=\"\" class=\"wp-image-2433\" style=\"width:319px;height:auto\" srcset=\"https:\/\/i0.wp.com\/www.lafraguabruta.com\/wp-content\/uploads\/2024\/09\/YDRAY-IMG_20241012_102702-scaled.jpg?resize=1024%2C462&amp;ssl=1 1024w, https:\/\/i0.wp.com\/www.lafraguabruta.com\/wp-content\/uploads\/2024\/09\/YDRAY-IMG_20241012_102702-scaled.jpg?resize=300%2C135&amp;ssl=1 300w, https:\/\/i0.wp.com\/www.lafraguabruta.com\/wp-content\/uploads\/2024\/09\/YDRAY-IMG_20241012_102702-scaled.jpg?resize=768%2C346&amp;ssl=1 768w, https:\/\/i0.wp.com\/www.lafraguabruta.com\/wp-content\/uploads\/2024\/09\/YDRAY-IMG_20241012_102702-scaled.jpg?resize=1536%2C693&amp;ssl=1 1536w, https:\/\/i0.wp.com\/www.lafraguabruta.com\/wp-content\/uploads\/2024\/09\/YDRAY-IMG_20241012_102702-scaled.jpg?resize=2048%2C924&amp;ssl=1 2048w, https:\/\/i0.wp.com\/www.lafraguabruta.com\/wp-content\/uploads\/2024\/09\/YDRAY-IMG_20241012_102702-scaled.jpg?resize=600%2C271&amp;ssl=1 600w, https:\/\/i0.wp.com\/www.lafraguabruta.com\/wp-content\/uploads\/2024\/09\/YDRAY-IMG_20241012_102702-scaled.jpg?w=1280&amp;ssl=1 1280w, https:\/\/i0.wp.com\/www.lafraguabruta.com\/wp-content\/uploads\/2024\/09\/YDRAY-IMG_20241012_102702-scaled.jpg?w=1920&amp;ssl=1 1920w\" sizes=\"auto, (max-width: 640px) 100vw, 640px\" \/><\/figure>\n\n\n\n<p><\/p>\n\n\n\n<p id=\"block-21a333cd-1ac7-4551-9199-5d0050b8eb17\"><strong>LOG\u00cdSTICA<\/strong><\/p>\n\n\n\n<pre id=\"block-ba00a4ab-9dba-4c11-a5f3-4bc8b13cba71\" class=\"wp-block-preformatted\" style=\"font-size:13px;font-style:normal;font-weight:300\">Compartimos viaje en coche siempre que se pueda y coincidan las rutas. <br>La comida ser\u00e1 vegetariana y se considerar\u00e1n alergias e intolerancias.<br>Cocinamos y mantenemos limpias las \u00e1reas comunes juntas\/os.<br>Hay habitaciones simples, dobles, triples, con o sin ba\u00f1o individual o compartido. <br>Hay calefacci\u00f3n en toda la casa y chimenea. <br>Una vez estemos all\u00ed nos acomodamos en una suerte de azar democr\u00e1tico. <br>Entre todas y todos nos lo ponemos f\u00e1cil.<br>No es un hotel de cinco estrellas ni nosotras las amas de llaves de la Casa Real.<\/pre>\n\n\n\n<p id=\"block-5a4c6816-7bea-4863-9982-b2ba012c6e16\"><strong>FECHAS,<\/strong> <strong>HORARIOS Y PRECIOS<\/strong><\/p>\n\n\n\n<p id=\"block-ce47da69-dca9-4811-9d3e-25c15d8dbdc3\" style=\"font-size:14px;font-style:normal;font-weight:300\">Del 11 al 19 de julio de 2026.<br>720 \u20ac antes del 8 de junio.<br>860 \u20ac si no se aplica descuento.<br>*Pol\u00edtica de bolsillos apretados. Preg\u00fantanos.<br>Incluye estancia, alojamiento en en dormitorios individuales o compartidos, pensi\u00f3n completa, algunas <em>chuches<\/em> para los entretiempos (chocolate, caf\u00e9, infusiones, fruta, vino, frutos secos), acceso al material anal\u00f3gico de filmaci\u00f3n y otros materiales de oficina.<\/p>\n\n\n\n<p id=\"block-e50f0f14-b86a-4c67-b3f3-318af5c34c65\"><strong>INSCRIPCIONES<\/strong><\/p>\n\n\n\n<p id=\"block-757f6234-f094-4b2b-8c22-9afaffa04b8d\" style=\"font-size:14px;font-style:normal;font-weight:300\">La inscripci\u00f3n se realizar\u00e1 mediante el env\u00edo de un correo electr\u00f3nico a <a href=\"mailto: lafragua@lafraguabruta.com\">La Fragua Bruta<\/a> especificando la actividad a la cual se quiere asistir. El pago se realizar\u00e1 mediante transferencia bancaria indicando como concepto <strong>VERANO 2026<\/strong>. Una vez recibamos el justificante de ingreso, os reservamos la plaza para el encuentro respondiendo a vuestra inscripci\u00f3n con un correo de confirmaci\u00f3n.<\/p>\n\n\n\n<div class=\"wpcf7 no-js\" id=\"wpcf7-f2360-o2\" lang=\"es-ES\" dir=\"ltr\" data-wpcf7-id=\"2360\">\n<div class=\"screen-reader-response\"><p role=\"status\" aria-live=\"polite\" aria-atomic=\"true\"><\/p> <ul><\/ul><\/div>\n<form action=\"\/index.php\/wp-json\/wp\/v2\/posts\/2895#wpcf7-f2360-o2\" method=\"post\" class=\"wpcf7-form init\" aria-label=\"Formulario de contacto\" novalidate=\"novalidate\" data-status=\"init\">\n<fieldset class=\"hidden-fields-container\"><input type=\"hidden\" name=\"_wpcf7\" value=\"2360\" \/><input type=\"hidden\" name=\"_wpcf7_version\" value=\"6.1.5\" \/><input type=\"hidden\" name=\"_wpcf7_locale\" value=\"es_ES\" \/><input type=\"hidden\" name=\"_wpcf7_unit_tag\" value=\"wpcf7-f2360-o2\" \/><input type=\"hidden\" name=\"_wpcf7_container_post\" value=\"0\" \/><input type=\"hidden\" name=\"_wpcf7_posted_data_hash\" value=\"\" \/>\n<\/fieldset>\n<p><label> \u00bfc\u00f3mo te llaman? \/ nombre:<br \/>\n<span class=\"wpcf7-form-control-wrap\" data-name=\"your-name\"><input size=\"40\" maxlength=\"400\" class=\"wpcf7-form-control wpcf7-text wpcf7-validates-as-required\" autocomplete=\"name\" aria-required=\"true\" aria-invalid=\"false\" value=\"\" type=\"text\" name=\"your-name\" \/><\/span> <\/label>\n<\/p>\n<p><label> \u00bfcu\u00e1l es tu correo electr\u00f3nico? \/ e-mail:<br \/>\n<span class=\"wpcf7-form-control-wrap\" data-name=\"your-email\"><input size=\"40\" maxlength=\"400\" class=\"wpcf7-form-control wpcf7-email wpcf7-validates-as-required wpcf7-text wpcf7-validates-as-email\" autocomplete=\"email\" aria-required=\"true\" aria-invalid=\"false\" value=\"\" type=\"email\" name=\"your-email\" \/><\/span> <\/label>\n<\/p>\n<p><label> \u00bfde qu\u00e9 se trata? \/ asunto:<br \/>\n<span class=\"wpcf7-form-control-wrap\" data-name=\"your-subject\"><input size=\"40\" maxlength=\"400\" class=\"wpcf7-form-control wpcf7-text wpcf7-validates-as-required\" aria-required=\"true\" aria-invalid=\"false\" value=\"\" type=\"text\" name=\"your-subject\" \/><\/span> <\/label>\n<\/p>\n<p><label> \u00a1cu\u00e9ntanos! \/ mensaje:<br \/>\n<span class=\"wpcf7-form-control-wrap\" data-name=\"your-message\"><textarea cols=\"40\" rows=\"10\" maxlength=\"2000\" class=\"wpcf7-form-control wpcf7-textarea\" aria-invalid=\"false\" name=\"your-message\"><\/textarea><\/span> <\/label>\n<\/p>\n<p><input class=\"wpcf7-form-control wpcf7-submit has-spinner\" type=\"submit\" value=\"enviar\" \/>\n<\/p><p style=\"display: none !important;\" class=\"akismet-fields-container\" data-prefix=\"_wpcf7_ak_\"><label>&#916;<textarea name=\"_wpcf7_ak_hp_textarea\" cols=\"45\" rows=\"8\" maxlength=\"100\"><\/textarea><\/label><input type=\"hidden\" id=\"ak_js_2\" name=\"_wpcf7_ak_js\" value=\"148\"\/><script type=\"text\/javascript\">\n\/* <![CDATA[ *\/\ndocument.getElementById( \"ak_js_2\" ).setAttribute( \"value\", ( new Date() ).getTime() );\n\/* ]]> *\/\n<\/script>\n<\/p><div class=\"wpcf7-response-output\" aria-hidden=\"true\"><\/div>\n<\/form>\n<\/div>\n\n\n\n\n<p id=\"block-43d33ff3-3045-4f58-84cf-0f79359c8631\"><strong>A CARGO DE<\/strong><\/p>\n\n\n<div class=\"wp-block-image is-style-rounded\">\n<figure class=\"aligncenter size-full is-resized\" id=\"block-7ac2b520-d889-40f7-adc3-f1a5dd2ca0db\"><img data-recalc-dims=\"1\" loading=\"lazy\" decoding=\"async\" width=\"572\" height=\"572\" src=\"https:\/\/i0.wp.com\/www.lafraguabruta.com\/wp-content\/uploads\/2025\/11\/Caceres_0026.jpg?resize=572%2C572&#038;ssl=1\" alt=\"\" class=\"wp-image-2811\" style=\"width:149px;height:auto\" srcset=\"https:\/\/i0.wp.com\/www.lafraguabruta.com\/wp-content\/uploads\/2025\/11\/Caceres_0026.jpg?w=572&amp;ssl=1 572w, https:\/\/i0.wp.com\/www.lafraguabruta.com\/wp-content\/uploads\/2025\/11\/Caceres_0026.jpg?resize=300%2C300&amp;ssl=1 300w, https:\/\/i0.wp.com\/www.lafraguabruta.com\/wp-content\/uploads\/2025\/11\/Caceres_0026.jpg?resize=150%2C150&amp;ssl=1 150w\" sizes=\"auto, (max-width: 572px) 100vw, 572px\" \/><figcaption class=\"wp-element-caption\"><sub>Elena Arroyo<\/sub><\/figcaption><\/figure>\n<\/div>\n\n\n<p><strong>ENCUENTROS QUE YA FUERON<\/strong>:<\/p>\n\n\n\n<iframe loading=\"lazy\" src=\"https:\/\/player.vimeo.com\/video\/1118999496?badge=0&amp;autopause=0&amp;player_id=0&amp;app_id=58479&amp;autoplay=1&amp;muted=1&amp;loop=1\" width=\"237\" height=\"420\" frameborder=\"0\" allow=\"autoplay; fullscreen; picture-in-picture; clipboard-write; encrypted-media; web-share\" referrerpolicy=\"strict-origin-when-cross-origin\" title=\"Encuentro_02\"><\/iframe>\n\n\n\n<iframe loading=\"lazy\" src=\"https:\/\/player.vimeo.com\/video\/1118999423?badge=0&amp;autopause=0&amp;player_id=0&amp;app_id=58479&amp;autoplay=1&amp;muted=1&amp;loop=1\" width=\"237\" height=\"420\" frameborder=\"0\" allow=\"autoplay; fullscreen; picture-in-picture; clipboard-write; encrypted-media; web-share\" referrerpolicy=\"strict-origin-when-cross-origin\" title=\"Encuentros_01\"><\/iframe>\n\n\n\n<iframe loading=\"lazy\" src=\"https:\/\/player.vimeo.com\/video\/1153002415?badge=0&amp;autopause=0&amp;player_id=0&amp;app_id=58479&amp;autoplay=1&amp;muted=1&amp;loop=1\" width=\"237\" height=\"420\" frameborder=\"0\" allow=\"autoplay; fullscreen; picture-in-picture; clipboard-write; encrypted-media; web-share\" referrerpolicy=\"strict-origin-when-cross-origin\" title=\"Encuentro_02\"><\/iframe>\n","protected":false},"excerpt":{"rendered":"<p>Queremos hacer una pel\u00edcula que sea el resultado de compartir un estar, un ver, un atender, un so\u00f1ar. Esa pel\u00edcula puede tener cualquier forma, incluso la forma del negro de la noche. A esa pel\u00edcula puedes ponerle los adjetivos que quieras: po\u00e9tica, so\u00f1ada, naciente. Lo que nos importa es investigar qu\u00e9 pasa cuando una docena de almas se juntan enfocadas y agradecidas bajo el mismo prop\u00f3sito.<\/p>\n","protected":false},"author":1,"featured_media":2897,"comment_status":"closed","ping_status":"open","sticky":false,"template":"","format":"standard","meta":{"footnotes":""},"categories":[272],"tags":[375,391,204,317,28,137,27,258,207,305,395,318,23,372,35,126,164,34,33,38,36,72,48,304,208,320,268,383,79,205,321,148,269,122,203,202,45,178,314,385,394,210,257,316,313,206,254,397,379,310,253,271,270,382,388,237,389,256,50,185,312,175,311,261,386,378,381,309,262,377,384,390,248,183,319,233,231,211,374,307,308,393,387,380,376,209,306,373,276,163,145,265,315,264],"class_list":["post-2895","post","type-post","status-publish","format-standard","has-post-thumbnail","hentry","category-encuentros-veraniegos","tag-16mm","tag-2x8","tag-acompanamiento-de-proyectos-creativos","tag-almeria","tag-arte","tag-arte-contemporaneo","tag-artes-visuales","tag-arteterapia","tag-asesoria-de-proyecto","tag-cabo-de-gata","tag-caffenol","tag-campo","tag-cine","tag-cine-analogico","tag-cine-de-autor","tag-cine-de-mujeres","tag-cine-de-no-ficcion","tag-cine-documental","tag-cine-ensayo","tag-cine-expandido","tag-cine-independiente","tag-cine-no-narrativo","tag-cine-poesia","tag-clinica-de-artecine","tag-coach-de-arte","tag-compartir","tag-conocete-a-ti-mismo","tag-convocatoria","tag-creacion","tag-creacion-de-cine","tag-creacion-grupal","tag-creatividad","tag-critica-cultural","tag-cuerpo-somatico","tag-curso-guion","tag-curso-narrativa-cine","tag-cursos-de-cine","tag-danza","tag-danza-teatro-improvisacion","tag-descartes","tag-diy","tag-editor-doctor","tag-encuentros","tag-escapada-de-semana-santa","tag-escenicas","tag-escritura-de-guion","tag-escuela-de-cine","tag-espana","tag-film-footage","tag-formacion-artistica","tag-formacion-de-cine","tag-hacer-encarnado","tag-hacer-haciendo","tag-imagen-recuerdo","tag-imagenes-fisicas","tag-improvisacion","tag-jonas-mekas","tag-juego","tag-jugar","tag-laboratorio-de-arte","tag-laboratorio-de-cine","tag-madrid","tag-marginalidades-artisticas","tag-marina-garces","tag-material-bruto","tag-material-filmico","tag-metraje","tag-micro-residencia","tag-mundo-comun","tag-open-call","tag-outtakes","tag-pelicula","tag-pensamiento-situado","tag-performance","tag-playa","tag-presencial","tag-proceso-creativo","tag-proyect-doctor","tag-r8","tag-residencia-artistica","tag-retiro-de-arte","tag-revelado","tag-roaches","tag-ruinas","tag-scratches","tag-script-doctor","tag-semana-santa","tag-super-8","tag-talleres","tag-talleres-de-cine","tag-teatro","tag-utilidad-de-lo-inutil","tag-vacaciones-semana-santa","tag-vision-periferica"],"_links":{"self":[{"href":"https:\/\/www.lafraguabruta.com\/index.php\/wp-json\/wp\/v2\/posts\/2895","targetHints":{"allow":["GET"]}}],"collection":[{"href":"https:\/\/www.lafraguabruta.com\/index.php\/wp-json\/wp\/v2\/posts"}],"about":[{"href":"https:\/\/www.lafraguabruta.com\/index.php\/wp-json\/wp\/v2\/types\/post"}],"author":[{"embeddable":true,"href":"https:\/\/www.lafraguabruta.com\/index.php\/wp-json\/wp\/v2\/users\/1"}],"replies":[{"embeddable":true,"href":"https:\/\/www.lafraguabruta.com\/index.php\/wp-json\/wp\/v2\/comments?post=2895"}],"version-history":[{"count":14,"href":"https:\/\/www.lafraguabruta.com\/index.php\/wp-json\/wp\/v2\/posts\/2895\/revisions"}],"predecessor-version":[{"id":3044,"href":"https:\/\/www.lafraguabruta.com\/index.php\/wp-json\/wp\/v2\/posts\/2895\/revisions\/3044"}],"wp:featuredmedia":[{"embeddable":true,"href":"https:\/\/www.lafraguabruta.com\/index.php\/wp-json\/wp\/v2\/media\/2897"}],"wp:attachment":[{"href":"https:\/\/www.lafraguabruta.com\/index.php\/wp-json\/wp\/v2\/media?parent=2895"}],"wp:term":[{"taxonomy":"category","embeddable":true,"href":"https:\/\/www.lafraguabruta.com\/index.php\/wp-json\/wp\/v2\/categories?post=2895"},{"taxonomy":"post_tag","embeddable":true,"href":"https:\/\/www.lafraguabruta.com\/index.php\/wp-json\/wp\/v2\/tags?post=2895"}],"curies":[{"name":"wp","href":"https:\/\/api.w.org\/{rel}","templated":true}]}}