{"id":2856,"date":"2026-01-11T12:38:06","date_gmt":"2026-01-11T12:38:06","guid":{"rendered":"https:\/\/www.lafraguabruta.com\/?p=2856"},"modified":"2026-04-22T12:15:09","modified_gmt":"2026-04-22T12:15:09","slug":"taller-intensivo-de-danza-teatro-butoh","status":"publish","type":"post","link":"https:\/\/www.lafraguabruta.com\/index.php\/2026\/01\/11\/taller-intensivo-de-danza-teatro-butoh\/","title":{"rendered":"TALLER INTENSIVO DE DANZA-TEATRO BUTOH"},"content":{"rendered":"\n<p><strong>EL S\u00c1BADO 28 DE FEBRERO DE 2026 DE 10h. a 21h.<\/strong><\/p>\n\n\n\n<p id=\"block-3250f77a-2ffd-47c2-ad70-e7c1544a12ad\" style=\"font-size:14px;font-style:normal;font-weight:300\">Hasta llegar al butoh, no supe escuchar al cuerpo, atender a las sensaciones que lo atraviesan, acompa\u00f1ar en movimiento las fluctuaciones de lo que aparece aqu\u00ed y all\u00e1. No supe que eso que aparece no pertenece a nadie y que porque a nadie pertenece resulta liberador quitarse de en medio. No supe integrar dentro de la posibilidad de estar la radicalidad de los opuestos. No supe comprender el juego de constelaciones fugaces donde solo es posible caer, crecer, fluir. No supe que tal flujo, como el de los r\u00edos, ablanda las piedras que en \u00faltima instancia toda la materia manifiesta. No supe que pensar es el resultado de un cuerpo sintiente situado en el espacio. No supe que el espacio es nosotros y nosotros hacemos espacio. No supe que aprend\u00ed a danzar mucho antes de nacer y que danzar lo hago tambi\u00e9n mientras camino, medito, sue\u00f1o.<\/p>\n\n\n\n<p style=\"font-size:14px;font-style:normal;font-weight:300\">\u00bfQu\u00e9 dice mi cuerpo cuando \u00abyo\u00bb no est\u00e1? \u00bfCu\u00e1l es el idioma en el cual se expresa por defecto? \u00bfY d\u00f3nde est\u00e1 cuando \u00abyo\u00bb no est\u00e1? \u00bfEn el centro de la sala, en la cabecera de la mesa, durmiendo en el desv\u00e1n? \u00bfY c\u00f3mo est\u00e1 cuando no est\u00e1 si no dejamos que el juicio comparativo intervenga? \u00bfTorcido, desequilibrado, arrugado, abierto, erecto, tirado?<\/p>\n\n\n\n<p style=\"font-size:14px;font-style:normal;font-weight:300\">Toda forma es consecuencia de las sensaciones que la preceden. Toda imagen abre formalmente la puerta del sentir. Toda sensaci\u00f3n es el misterio en el cual sostenerse. \u00bfPor qu\u00e9 as\u00ed y no de otra manera?<\/p>\n\n\n\n<p id=\"block-98244a27-ee2d-477d-a009-da1c1dea3e6b\"><strong>HOJA DE RUTA<\/strong><\/p>\n\n\n\n<pre class=\"wp-block-preformatted has-small-font-size\" style=\"font-style:normal;font-weight:300\">\u00b7 De 10h. a 14h. Calentar, entrar en el cuerpo, prestar atenci\u00f3n, descubrir el viaje continuo entre sensaci\u00f3n, imagen y forma, tirar del hilo, abandonarse al acontecimiento que es la danza, encontrar el movimiento propio, compartirlo en el espacio, entablar di\u00e1logo con los otros cuerpos. <br>\u00b7 De 14h. a 16h Comemos frugalmente.<br>\u00b7 De 16h. a 19h. Continuar explorando las danzas escondidas, las danzas necesarias, las danzas oscuras. Atreverse a dar un paso en las danzas por conocer: con un poco de locura, con una pizca de placer, con una dosis de ternura, con un pu\u00f1ado de sorpresa, con un pellizco de arte.<br>\u00b7 De 19h. a 21h. Una jam de improvisaci\u00f3n.<br><\/pre>\n\n\n\n<p id=\"block-a8575163-be4e-4a55-bcba-55501edbce4b\"><strong>FECHAS, HORARIOS Y PRECIOS<\/strong><\/p>\n\n\n\n<p id=\"block-2332754a-d26d-4cd8-82b7-b05952dcbc5b\" style=\"font-size:14px;font-style:normal;font-weight:300\">\u00b7 28 de febrero de 2026.<br>\u00b7 El Consulado. La Fonteta de Sant Lluis. Valencia. Espa\u00f1a.<br>\u00b7 Taller completo + Jam: 70\u20ac<br>\u00b7 Taller parcial (solo ma\u00f1ana): 40\u20ac<br>\u00b7 Solo Jam: 15\u20ac<br>\u00b7 Practicamos <strong>pol\u00edtica de bolsillos apretados<\/strong>. Preg\u00fantanos si lo necesitas.<\/p>\n\n\n\n<p id=\"block-db7f1408-53d8-45fa-87d6-9bde558b6e28\"><strong>\u00bfPARA QUI\u00c9NES?<\/strong><\/p>\n\n\n\n<p id=\"block-45f358d9-2146-4deb-850e-a65c645fd67d\" style=\"font-size:14px;font-style:normal;font-weight:300\">Todo cuerpo capaz de sentir.<\/p>\n\n\n\n<p id=\"block-e243b6ce-0668-45ae-a939-33830d7cf1a1\"><strong>\u00bfCON QUI\u00c9N?<\/strong><\/p>\n\n\n\n<p id=\"block-297809fe-0524-4ab6-a3d5-1855dbdabd18\" style=\"font-size:14px;font-style:normal;font-weight:300\">Dinamiza<a href=\"https:\/\/www.lafraguabruta.com\/index.php\/fraguantes-de-cine-en-bruto\/\"> Elena Arroyo<\/a>. Aqu\u00ed algunas palabras: \u00abHace tiempo que danzo. He cursado formaciones intensivas de danza teatro y butoh en mi ciudad natal con maestros excepcionales con quienes sigo practicando. Fuera de las fronteras, con numerosos y notables artistas de prestigio. Tambi\u00e9n he actuado en escenas menores en gran cantidad de oportunidades. Sin embargo todo esto importa poco. En mi trayectoria, tanto recibiendo como acompa\u00f1ando grupos, s\u00e9 que hay dos o tres ingredientes sin los cuales, por mucho que me lo propusiese, no conseguir\u00eda transmitir ning\u00fan saber o, \u2013dicho de un modo mucho m\u00e1s atinado\u2013 no conseguir\u00eda abrir el saber del que todos\/as somos portadores. Estos ingredientes son la pasi\u00f3n y la empat\u00eda. Tambi\u00e9n la capacidad comunicadora. De todos ellos reconozco tener altas dosis.<\/p>\n\n\n\n<p id=\"block-297809fe-0524-4ab6-a3d5-1855dbdabd18\" style=\"font-size:14px;font-style:normal;font-weight:300\">Hace un pu\u00f1ado de semanas, a punto de concluir las vacaciones, escrib\u00eda en mi diario: \u2013\u00bbSi no danzo, me muero\u00bb\u2013; pero cuando danzo es cuando noto el aliento de la muerte sopl\u00e1ndome en la nuca. Tiene sentido. Danzar es el lugar donde me reconozco m\u00e1s viva. No es solo una cuesti\u00f3n f\u00edsica \u2013hormonal\u2013, o emocional \u2013el sentimiento de libertad asociado al movimiento libre\u2013, es tambi\u00e9n un modo de entender mi ser energ\u00e9tico en relaci\u00f3n a todo lo que me rodea. Danzando se manifiesta un plano que el cotidiano suele sepultar bajo su absurdidad. Danzando me renuevo. Danzando soy en otro.<\/p>\n\n\n\n<p id=\"block-297809fe-0524-4ab6-a3d5-1855dbdabd18\" style=\"font-size:14px;font-style:normal;font-weight:300\">Hace un pu\u00f1ado de d\u00edas, en una tutor\u00eda, alguien a quien acompa\u00f1o en un proyecto de creaci\u00f3n, llor\u00f3. Con mis preguntas hab\u00eda dado con un nudo donde lo creativo y lo personal se dan la mano. Fue, el suyo, un llanto liberador. El agua estancada encontr\u00f3 un cauce seguro por el cual desbordarse. Despu\u00e9s a penas le quedaba ya trazar cuatro movimientos para acabar la pieza que ten\u00eda entre las manos. En silencio di las gracias: primero a ella por permitirme articular un espacio de encuentro real; despu\u00e9s a la vida por mostrarme de nuevo que lo m\u00e1s bello es lo m\u00e1s fr\u00e1gil.<\/p>\n\n\n\n<p id=\"block-297809fe-0524-4ab6-a3d5-1855dbdabd18\" style=\"font-size:14px;font-style:normal;font-weight:300\">Hace un pu\u00f1ado de horas, en una clase de danza, por poco levito: pude apreciar las cicatrices de vida de todos los cuerpos presentes mostrando su hermosura. Puede ver en relaci\u00f3n el plano del tiempo: la juventud, la infancia, la vejez, la ilusi\u00f3n, el miedo, el derrumbe, el delirio, la entrega, la paz, la serenidad, la alegr\u00eda, la esperanza, la rabia pasando en fracci\u00f3n de segundos ante mis ojos. Qued\u00e9 en paz. Di la bienvenida a la dicha.<\/p>\n\n\n\n<p style=\"font-size:14px;font-style:normal;font-weight:300\">Apunta en su libro Jacques Ranci\u00e8re que un buen maestro es antes que nada un ignorante. Este pensamiento acerca a Ranci\u00e8re a la danza. Danzar es mirar alrededor con ojos de ni\u00f1o que absorbe \u2013y vive\u2013 sin comprender la vida. Mira con todo el cuerpo. Mira con todo el ser. Mirando, estando, abri\u00e9ndose as\u00ed uno puede concluir sin temor a equivocarse que es el espacio mismo quien da forma al ni\u00f1o y no a la inversa. Eso es danzar.<\/p>\n\n\n\n<p style=\"font-size:14px;font-style:normal;font-weight:300\">En este taller me comprometo a crear un espacio donde esto sea posible.<\/p>\n\n\n\n<p id=\"block-8428ef80-3b64-4600-af51-4e750fe61266\"><strong>INSCRIPCIONES<\/strong><\/p>\n\n\n\n<p id=\"block-65497fe6-ad7a-4c3b-9e76-ff2ea0a8e466\" style=\"font-size:14px;font-style:normal;font-weight:300\">Env\u00edanos<a href=\"mailto:lafragua@lafraguabruta.com\"> un correo<\/a> cont\u00e1ndonos tu inter\u00e9s en formar parte y te respondemos de vuelta sobre c\u00f3mo hacer la reserva. <\/p>\n\n\n\n<div class=\"wpcf7 no-js\" id=\"wpcf7-f2360-o1\" lang=\"es-ES\" dir=\"ltr\" data-wpcf7-id=\"2360\">\n<div class=\"screen-reader-response\"><p role=\"status\" aria-live=\"polite\" aria-atomic=\"true\"><\/p> <ul><\/ul><\/div>\n<form action=\"\/index.php\/wp-json\/wp\/v2\/posts\/2856#wpcf7-f2360-o1\" method=\"post\" class=\"wpcf7-form init\" aria-label=\"Formulario de contacto\" novalidate=\"novalidate\" data-status=\"init\">\n<fieldset class=\"hidden-fields-container\"><input type=\"hidden\" name=\"_wpcf7\" value=\"2360\" \/><input type=\"hidden\" name=\"_wpcf7_version\" value=\"6.1.5\" \/><input type=\"hidden\" name=\"_wpcf7_locale\" value=\"es_ES\" \/><input type=\"hidden\" name=\"_wpcf7_unit_tag\" value=\"wpcf7-f2360-o1\" \/><input type=\"hidden\" name=\"_wpcf7_container_post\" value=\"0\" \/><input type=\"hidden\" name=\"_wpcf7_posted_data_hash\" value=\"\" \/>\n<\/fieldset>\n<p><label> \u00bfc\u00f3mo te llaman? \/ nombre:<br \/>\n<span class=\"wpcf7-form-control-wrap\" data-name=\"your-name\"><input size=\"40\" maxlength=\"400\" class=\"wpcf7-form-control wpcf7-text wpcf7-validates-as-required\" autocomplete=\"name\" aria-required=\"true\" aria-invalid=\"false\" value=\"\" type=\"text\" name=\"your-name\" \/><\/span> <\/label>\n<\/p>\n<p><label> \u00bfcu\u00e1l es tu correo electr\u00f3nico? \/ e-mail:<br \/>\n<span class=\"wpcf7-form-control-wrap\" data-name=\"your-email\"><input size=\"40\" maxlength=\"400\" class=\"wpcf7-form-control wpcf7-email wpcf7-validates-as-required wpcf7-text wpcf7-validates-as-email\" autocomplete=\"email\" aria-required=\"true\" aria-invalid=\"false\" value=\"\" type=\"email\" name=\"your-email\" \/><\/span> <\/label>\n<\/p>\n<p><label> \u00bfde qu\u00e9 se trata? \/ asunto:<br \/>\n<span class=\"wpcf7-form-control-wrap\" data-name=\"your-subject\"><input size=\"40\" maxlength=\"400\" class=\"wpcf7-form-control wpcf7-text wpcf7-validates-as-required\" aria-required=\"true\" aria-invalid=\"false\" value=\"\" type=\"text\" name=\"your-subject\" \/><\/span> <\/label>\n<\/p>\n<p><label> \u00a1cu\u00e9ntanos! \/ mensaje:<br \/>\n<span class=\"wpcf7-form-control-wrap\" data-name=\"your-message\"><textarea cols=\"40\" rows=\"10\" maxlength=\"2000\" class=\"wpcf7-form-control wpcf7-textarea\" aria-invalid=\"false\" name=\"your-message\"><\/textarea><\/span> <\/label>\n<\/p>\n<p><input class=\"wpcf7-form-control wpcf7-submit has-spinner\" type=\"submit\" value=\"enviar\" \/>\n<\/p><p style=\"display: none !important;\" class=\"akismet-fields-container\" data-prefix=\"_wpcf7_ak_\"><label>&#916;<textarea name=\"_wpcf7_ak_hp_textarea\" cols=\"45\" rows=\"8\" maxlength=\"100\"><\/textarea><\/label><input type=\"hidden\" id=\"ak_js_1\" name=\"_wpcf7_ak_js\" value=\"75\"\/><script type=\"text\/javascript\">\n\/* <![CDATA[ *\/\ndocument.getElementById( \"ak_js_1\" ).setAttribute( \"value\", ( new Date() ).getTime() );\n\/* ]]> *\/\n<\/script>\n<\/p><div class=\"wpcf7-response-output\" aria-hidden=\"true\"><\/div>\n<\/form>\n<\/div>\n\n\n\n\n<p><\/p>\n","protected":false},"excerpt":{"rendered":"<p>El s\u00e1bado 28 de febrero de 2026 de 10h. a 21h. nos juntamos para investigar juntos el cuerpo que se mueve guiado por la escucha a la sensaci\u00f3n la m\u00e1s sutil, la m\u00e1s profunda, la m\u00e1s oscura, la m\u00e1s necesitada, la m\u00e1s viva, la m\u00e1s misteriosa.<\/p>\n","protected":false},"author":1,"featured_media":2857,"comment_status":"closed","ping_status":"open","sticky":false,"template":"","format":"standard","meta":{"footnotes":""},"categories":[421],"tags":[229,240,251,177,268,60,122,178,244,243,242,241,238,246,397,300,252,237,302,284,250,247,301,249,248,183,171,299,145,396],"class_list":["post-2856","post","type-post","status-publish","format-standard","has-post-thumbnail","hentry","category-actividades-pasadas","tag-arte-terapia","tag-baile","tag-biodanza","tag-butoh","tag-conocete-a-ti-mismo","tag-cuerpo","tag-cuerpo-somatico","tag-danza","tag-danza-expresionista","tag-danza-japonesa","tag-danza-y-filosofia","tag-danza-y-politica","tag-danza-y-teatro","tag-entrenamiento-fisico","tag-espana","tag-expresion-corporal","tag-expresion-fisica","tag-improvisacion","tag-improvisacion-en-movimiento","tag-improvisacion-escenica","tag-laboratorio-investigacion-movimiento","tag-meditacion-en-movimiento","tag-meditacion-grupal-en-movimiento","tag-movimiento","tag-pensamiento-situado","tag-performance","tag-practicas-del-cuerpo","tag-soma","tag-teatro","tag-valencia"],"_links":{"self":[{"href":"https:\/\/www.lafraguabruta.com\/index.php\/wp-json\/wp\/v2\/posts\/2856","targetHints":{"allow":["GET"]}}],"collection":[{"href":"https:\/\/www.lafraguabruta.com\/index.php\/wp-json\/wp\/v2\/posts"}],"about":[{"href":"https:\/\/www.lafraguabruta.com\/index.php\/wp-json\/wp\/v2\/types\/post"}],"author":[{"embeddable":true,"href":"https:\/\/www.lafraguabruta.com\/index.php\/wp-json\/wp\/v2\/users\/1"}],"replies":[{"embeddable":true,"href":"https:\/\/www.lafraguabruta.com\/index.php\/wp-json\/wp\/v2\/comments?post=2856"}],"version-history":[{"count":5,"href":"https:\/\/www.lafraguabruta.com\/index.php\/wp-json\/wp\/v2\/posts\/2856\/revisions"}],"predecessor-version":[{"id":2939,"href":"https:\/\/www.lafraguabruta.com\/index.php\/wp-json\/wp\/v2\/posts\/2856\/revisions\/2939"}],"wp:featuredmedia":[{"embeddable":true,"href":"https:\/\/www.lafraguabruta.com\/index.php\/wp-json\/wp\/v2\/media\/2857"}],"wp:attachment":[{"href":"https:\/\/www.lafraguabruta.com\/index.php\/wp-json\/wp\/v2\/media?parent=2856"}],"wp:term":[{"taxonomy":"category","embeddable":true,"href":"https:\/\/www.lafraguabruta.com\/index.php\/wp-json\/wp\/v2\/categories?post=2856"},{"taxonomy":"post_tag","embeddable":true,"href":"https:\/\/www.lafraguabruta.com\/index.php\/wp-json\/wp\/v2\/tags?post=2856"}],"curies":[{"name":"wp","href":"https:\/\/api.w.org\/{rel}","templated":true}]}}