{"id":2853,"date":"2026-01-11T12:18:20","date_gmt":"2026-01-11T12:18:20","guid":{"rendered":"https:\/\/www.lafraguabruta.com\/?p=2853"},"modified":"2026-04-22T12:14:39","modified_gmt":"2026-04-22T12:14:39","slug":"diy-8mm-analogico","status":"publish","type":"post","link":"https:\/\/www.lafraguabruta.com\/index.php\/2026\/01\/11\/diy-8mm-analogico\/","title":{"rendered":"DIY 8mm ANAL\u00d3GICO"},"content":{"rendered":"\n<p>R<strong>EVELAMOS PEL\u00cdCULA NEGATIVA BLANCO Y NEGRO R8 Y S8 MM DE FORMA CASERA<\/strong><\/p>\n\n\n\n<p style=\"font-size:14px;font-style:normal;font-weight:300\">Nos juntamos, traemos los carretes de pel\u00edcula que cada cual quiera revelar, experimentamos con qu\u00edmicos org\u00e1nicos (caffenol), descubrimos el arte de hacer las cosas por uno mismo, compartimos ignorancias y saberes y, al acabar, pasadas unas horas para que de tiempo a secarse al material, lo proyectamos para un p\u00fablico curioso. En el entre tanto y en el entre mientras, trasteamos con las pel\u00edculas reveladas que lleva la organizaci\u00f3n, \u2013cacharrer\u00eda b\u00e1sica consistente en una visionadora y una empalmadora\u2013. Aprendemos as\u00ed los rudimentos del montaje de pel\u00edculas en formato anal\u00f3gico usando nuestras manos y aprendiendo de paso que el tiempo puede medirse en la longitud de nuestros pies. Tambi\u00e9n, mientras esperamos que se haga la oscuridad para que vean la luz nuestras criaturas, podemos tomarnos un verm\u00fa con fresca macedonia o una infusi\u00f3n caliente con chocolate y galletas y charlar de la vida dejando a un lado el opin\u00f3dromo social y la huecura ruidosa del cotidiano. Es el momento de pensar con qu\u00e9 acompa\u00f1ar el evento de la tarde: \u00bfleer un poema, hacer una performance, tocar una m\u00fasica? La proyecci\u00f3n, al final de la tarde, ser\u00e1 como un ritual: imaginen la muerte revelada proyectando su paso de la sombra a la luz sobre un sudario-s\u00e1bana-lienzo blanco en una suerte de renacer que no es, \u2013\u00bfo s\u00ed?\u2013 como volver a la vida.<\/p>\n\n\n\n<p><strong>NOS ACOMPA\u00d1A<\/strong><\/p>\n\n\n<div class=\"wp-block-image is-style-rounded\">\n<figure class=\"aligncenter size-full is-resized\"><img loading=\"lazy\" decoding=\"async\" width=\"715\" height=\"715\" src=\"https:\/\/i0.wp.com\/www.lafraguabruta.com\/wp-content\/uploads\/2026\/01\/BrendaBoyer.jpg?fit=715%2C715&amp;ssl=1\" alt=\"Brenda Boyer\" class=\"wp-image-2880\" style=\"aspect-ratio:1;object-fit:cover;width:300px\" srcset=\"https:\/\/i0.wp.com\/www.lafraguabruta.com\/wp-content\/uploads\/2026\/01\/BrendaBoyer.jpg?w=715&amp;ssl=1 715w, https:\/\/i0.wp.com\/www.lafraguabruta.com\/wp-content\/uploads\/2026\/01\/BrendaBoyer.jpg?resize=300%2C300&amp;ssl=1 300w, https:\/\/i0.wp.com\/www.lafraguabruta.com\/wp-content\/uploads\/2026\/01\/BrendaBoyer.jpg?resize=150%2C150&amp;ssl=1 150w, https:\/\/i0.wp.com\/www.lafraguabruta.com\/wp-content\/uploads\/2026\/01\/BrendaBoyer.jpg?resize=600%2C600&amp;ssl=1 600w\" sizes=\"auto, (max-width: 640px) 100vw, 640px\" \/><\/figure>\n<\/div>\n\n\n<p class=\"has-text-align-center\" style=\"font-size:14px;font-style:normal;font-weight:300\"><strong><a href=\"https:\/\/www.lafraguabruta.com\/index.php\/las-fraguantes\/\">Brenda Boyer<\/a><\/strong><\/p>\n\n\n\n<p><strong>LO PROSAICO<\/strong><\/p>\n\n\n\n<p style=\"font-size:14px;font-style:normal;font-weight:300\">\u00b7 Ser\u00e1 en Flora &amp; Fauno. c\/ Divino Pastor, 24.<br>\u00b7 El domingo 1 de febrero de 2026.<br>\u00b7 Revelado: de 11h. a 14h el revelado. <br>\u00b7 Proyecci\u00f3n: de 19h. a 20h.<br>\u00b7 Taller: plazas limitadas (10 participantes).<br>\u00b7 Proyecci\u00f3n: aforo limitado (22 espectadores).<br>\u00b7 Contribuci\u00f3n consciente.<\/p>\n\n\n\n<p id=\"block-99563258-ce73-4e4a-8892-f29a3094a49a\"><strong>LAS INSCRIPCIONES<\/strong><\/p>\n\n\n\n<p id=\"block-a852c97d-0f01-4516-843e-718dfba6fa8a\" style=\"font-size:14px;font-style:normal;font-weight:300\">Necesitamos saber si vienes al taller de revelado, a la proyecci\u00f3n o ambas cosas. Para la asistencia al taller dinos el tipo y la cantidad de pel\u00edcula que traes para revelar (solo revelaremos B&amp;N R8 o S8 mm). Las plazas se asignar\u00e1n en estricto turno de peticiones. No m\u00e1s de diez personas.<\/p>\n\n\n\n<div class=\"wpcf7 no-js\" id=\"wpcf7-f2360-o1\" lang=\"es-ES\" dir=\"ltr\" data-wpcf7-id=\"2360\">\n<div class=\"screen-reader-response\"><p role=\"status\" aria-live=\"polite\" aria-atomic=\"true\"><\/p> <ul><\/ul><\/div>\n<form action=\"\/index.php\/wp-json\/wp\/v2\/posts\/2853#wpcf7-f2360-o1\" method=\"post\" class=\"wpcf7-form init\" aria-label=\"Formulario de contacto\" novalidate=\"novalidate\" data-status=\"init\">\n<fieldset class=\"hidden-fields-container\"><input type=\"hidden\" name=\"_wpcf7\" value=\"2360\" \/><input type=\"hidden\" name=\"_wpcf7_version\" value=\"6.1.5\" \/><input type=\"hidden\" name=\"_wpcf7_locale\" value=\"es_ES\" \/><input type=\"hidden\" name=\"_wpcf7_unit_tag\" value=\"wpcf7-f2360-o1\" \/><input type=\"hidden\" name=\"_wpcf7_container_post\" value=\"0\" \/><input type=\"hidden\" name=\"_wpcf7_posted_data_hash\" value=\"\" \/>\n<\/fieldset>\n<p><label> \u00bfc\u00f3mo te llaman? \/ nombre:<br \/>\n<span class=\"wpcf7-form-control-wrap\" data-name=\"your-name\"><input size=\"40\" maxlength=\"400\" class=\"wpcf7-form-control wpcf7-text wpcf7-validates-as-required\" autocomplete=\"name\" aria-required=\"true\" aria-invalid=\"false\" value=\"\" type=\"text\" name=\"your-name\" \/><\/span> <\/label>\n<\/p>\n<p><label> \u00bfcu\u00e1l es tu correo electr\u00f3nico? \/ e-mail:<br \/>\n<span class=\"wpcf7-form-control-wrap\" data-name=\"your-email\"><input size=\"40\" maxlength=\"400\" class=\"wpcf7-form-control wpcf7-email wpcf7-validates-as-required wpcf7-text wpcf7-validates-as-email\" autocomplete=\"email\" aria-required=\"true\" aria-invalid=\"false\" value=\"\" type=\"email\" name=\"your-email\" \/><\/span> <\/label>\n<\/p>\n<p><label> \u00bfde qu\u00e9 se trata? \/ asunto:<br \/>\n<span class=\"wpcf7-form-control-wrap\" data-name=\"your-subject\"><input size=\"40\" maxlength=\"400\" class=\"wpcf7-form-control wpcf7-text wpcf7-validates-as-required\" aria-required=\"true\" aria-invalid=\"false\" value=\"\" type=\"text\" name=\"your-subject\" \/><\/span> <\/label>\n<\/p>\n<p><label> \u00a1cu\u00e9ntanos! \/ mensaje:<br \/>\n<span class=\"wpcf7-form-control-wrap\" data-name=\"your-message\"><textarea cols=\"40\" rows=\"10\" maxlength=\"2000\" class=\"wpcf7-form-control wpcf7-textarea\" aria-invalid=\"false\" name=\"your-message\"><\/textarea><\/span> <\/label>\n<\/p>\n<p><input class=\"wpcf7-form-control wpcf7-submit has-spinner\" type=\"submit\" value=\"enviar\" \/>\n<\/p><p style=\"display: none !important;\" class=\"akismet-fields-container\" data-prefix=\"_wpcf7_ak_\"><label>&#916;<textarea name=\"_wpcf7_ak_hp_textarea\" cols=\"45\" rows=\"8\" maxlength=\"100\"><\/textarea><\/label><input type=\"hidden\" id=\"ak_js_1\" name=\"_wpcf7_ak_js\" value=\"78\"\/><script type=\"text\/javascript\">\n\/* <![CDATA[ *\/\ndocument.getElementById( \"ak_js_1\" ).setAttribute( \"value\", ( new Date() ).getTime() );\n\/* ]]> *\/\n<\/script>\n<\/p><div class=\"wpcf7-response-output\" aria-hidden=\"true\"><\/div>\n<\/form>\n<\/div>\n\n","protected":false},"excerpt":{"rendered":"<p>Nos juntamos, traemos los carretes de pel\u00edcula que cada cual quiera revelar, experimentamos con qu\u00edmicos org\u00e1nicos (caffenol), descubrimos el arte de hacer las cosas por uno mismo, compartimos ignorancias y saberes y, al acabar, pasadas unas horas para que de tiempo a secarse al material, lo proyectamos para un p\u00fablico curioso.<\/p>\n","protected":false},"author":1,"featured_media":2886,"comment_status":"closed","ping_status":"open","sticky":false,"template":"","format":"standard","meta":{"footnotes":""},"categories":[421],"tags":[375,391,28,395,23,372,34,33,383,385,394,397,379,382,388,389,175,386,378,381,377,384,390,233,231,374,393,387,380,376,373],"class_list":["post-2853","post","type-post","status-publish","format-standard","has-post-thumbnail","hentry","category-actividades-pasadas","tag-16mm","tag-2x8","tag-arte","tag-caffenol","tag-cine","tag-cine-analogico","tag-cine-documental","tag-cine-ensayo","tag-convocatoria","tag-descartes","tag-diy","tag-espana","tag-film-footage","tag-imagen-recuerdo","tag-imagenes-fisicas","tag-jonas-mekas","tag-madrid","tag-material-bruto","tag-material-filmico","tag-metraje","tag-open-call","tag-outtakes","tag-pelicula","tag-presencial","tag-proceso-creativo","tag-r8","tag-revelado","tag-roaches","tag-ruinas","tag-scratches","tag-super-8"],"_links":{"self":[{"href":"https:\/\/www.lafraguabruta.com\/index.php\/wp-json\/wp\/v2\/posts\/2853","targetHints":{"allow":["GET"]}}],"collection":[{"href":"https:\/\/www.lafraguabruta.com\/index.php\/wp-json\/wp\/v2\/posts"}],"about":[{"href":"https:\/\/www.lafraguabruta.com\/index.php\/wp-json\/wp\/v2\/types\/post"}],"author":[{"embeddable":true,"href":"https:\/\/www.lafraguabruta.com\/index.php\/wp-json\/wp\/v2\/users\/1"}],"replies":[{"embeddable":true,"href":"https:\/\/www.lafraguabruta.com\/index.php\/wp-json\/wp\/v2\/comments?post=2853"}],"version-history":[{"count":11,"href":"https:\/\/www.lafraguabruta.com\/index.php\/wp-json\/wp\/v2\/posts\/2853\/revisions"}],"predecessor-version":[{"id":2892,"href":"https:\/\/www.lafraguabruta.com\/index.php\/wp-json\/wp\/v2\/posts\/2853\/revisions\/2892"}],"wp:featuredmedia":[{"embeddable":true,"href":"https:\/\/www.lafraguabruta.com\/index.php\/wp-json\/wp\/v2\/media\/2886"}],"wp:attachment":[{"href":"https:\/\/www.lafraguabruta.com\/index.php\/wp-json\/wp\/v2\/media?parent=2853"}],"wp:term":[{"taxonomy":"category","embeddable":true,"href":"https:\/\/www.lafraguabruta.com\/index.php\/wp-json\/wp\/v2\/categories?post=2853"},{"taxonomy":"post_tag","embeddable":true,"href":"https:\/\/www.lafraguabruta.com\/index.php\/wp-json\/wp\/v2\/tags?post=2853"}],"curies":[{"name":"wp","href":"https:\/\/api.w.org\/{rel}","templated":true}]}}