{"id":2806,"date":"2025-11-19T11:37:12","date_gmt":"2025-11-19T11:37:12","guid":{"rendered":"https:\/\/www.lafraguabruta.com\/?p=2806"},"modified":"2026-04-22T12:14:51","modified_gmt":"2026-04-22T12:14:51","slug":"micro-retiro-de-arte-y-cine-y-un-respiro","status":"publish","type":"post","link":"https:\/\/www.lafraguabruta.com\/index.php\/2025\/11\/19\/micro-retiro-de-arte-y-cine-y-un-respiro\/","title":{"rendered":"MICRO RETIRO DE ARTE Y CINE Y UN RESPIRO"},"content":{"rendered":"\n<p class=\"has-text-align-right\" id=\"block-66f78d98-a072-4934-a24e-e352f5071423\"><a href=\"https:\/\/www.lafraguabruta.com\/index.php\/in-person-artistic-and-cinematic-gathering-cabo-de-gata-almeria-spain-29-03-26-04-04-2026\/\" data-type=\"link\" data-id=\"https:\/\/www.lafraguabruta.com\/index.php\/in-person-artistic-and-cinematic-gathering-cabo-de-gata-almeria-spain-29-03-26-04-04-2026\/\">ENGLISH IN THIS LINK<\/a><\/p>\n\n\n\n<p id=\"block-66f78d98-a072-4934-a24e-e352f5071423\"><strong>ENCUENTRO ART\u00cdSTICO Y CINEMATOGR\u00c1FICO, BILING\u00dcE Y PRESENCIAL EN CABO DE GATA, ALMER\u00cdA (ESPA\u00d1A). 29\/03\/2026 &#8211; 04\/04\/2026 SEMANA SANTA.<\/strong><\/p>\n\n\n\n<p id=\"block-3b91e972-afc1-496c-8647-c04545ae5d38\" style=\"font-size:14px;font-style:normal;font-weight:300\">\u00bfTienes un proyecto en fase de investigaci\u00f3n o desarrollo y quieres compartir sus avances, atascos, destellos, titubeos, luces y sombras con otros? \u00bfNo tienes un proyecto como tal pero en tu pr\u00e1ctica investigas el modo de compartir saberes o bien de derrumbarlos para compartir interrogantes? \u00bfTienes en un proyecto en fase de investigaci\u00f3n o desarrollo pero no encuentras el espacio para ponerle un poco de cabeza y otro tanto de cuerpo? \u00bfNo tienes un proyecto pero sientes deseos de explorar c\u00f3mo compartir eso que te ha atravesado y transformado de forma pr\u00e1ctica y juguetona? \u00bfTienes un proyecto en fase de investigaci\u00f3n o desarrollo y necesitas quitarte de en medio, aligerar la densidad con que enfocas el proceso, insuflarle un poco de dinamismo jugando con otros? \u00bfNo tienes un proyecto pero investigas el modo en que es posible llevar el arte y el juego a la vida? \u00bfTienes un proyecto en fase de investigaci\u00f3n o desarrollo y necesitas experimentar con algunos otros cuerpos: dirigirlos, pedirles que te sostengan esto o aquello, que te declamen tal o cual p\u00e1rrafo, que posen de esta u otra guisa, que canten o bailen o tatareen o simplemente est\u00e9n un rato mir\u00e1ndote a ti c\u00f3mo haces? \u00bfNo tienes un proyecto porque tu proyecto es el mundo com\u00fan? Si s\u00ed, quiz\u00e1s te interese esta propuesta de micro-retiro de cinco d\u00edas donde compartir tu proyecto, colaborar con otros e intercambiar saberes.<\/p>\n\n\n\n<p style=\"font-size:14px;font-style:normal;font-weight:300\">No queremos ense\u00f1ar nada. No queremos producir lo que sea. No queremos llegar a cualquier lugar. No queremos cumplir con agendas ni expectativas ni protocolos. No queremos hacer por hacer. No queremos rellenar la casilla de tareas cumplidas. No queremos seguir ning\u00fan precepto ni pol\u00edtico ni espiritual ni te\u00f3rico por m\u00e1s que comulguemos con estas u aquellas pol\u00edticas, teor\u00edas o espiritualidades. Si lo hacemos ser\u00e1 por defecto y no porque nos lo pongamos como misi\u00f3n o tema o t\u00edtulo.<\/p>\n\n\n\n<p style=\"font-size:14px;font-style:normal;font-weight:300\">Queremos compartir. Queremos hacer comunidad. Queremos nutrir los espacios de encuentros reales, sencillos, cotidianos, f\u00e1ciles. Queremos descansar de nosotros mismos. Queremos hacer lo que necesitamos sin que eso signifique hacer lo que nos d\u00e9 la gana. Queremos intercambiar saberes sin que el conocimiento sea una tarea. Queremos investigar en grupo sin que sea obligatorio participar. Queremos acompa\u00f1arnos sin que haya por regla reglas. Queremos jugar por jugar. Queremos ponernos en cuesti\u00f3n. Queremos hacer que nuestro mundo personal \u2013ya sea el mundo real o el mundo imaginado\u2013 est\u00e9 un poquito m\u00e1s abierto, m\u00e1s disponible y m\u00e1s nutrido. <\/p>\n\n\n\n<p><strong>DUDAS<\/strong><\/p>\n\n\n\n<p style=\"font-size:14px;font-style:normal;font-weight:300\"><strong>\u00bfUn poco m\u00e1s conciso, por favor?<\/strong> Es un encuentro para compartir saberes y dudas sobre procesos creativos. <strong>\u00bfQu\u00e9 tipo de proyecto tiene acogida?<\/strong> Cualquiera. En principio cualquiera que necesite desarrollar una investigaci\u00f3n en el margen pero como es dif\u00edcil saber si tu margen es nuestro margen, mejor nos contactas, nos lo cuentas y lo vemos juntas. <strong>\u00bfY si no tengo proyecto qu\u00e9 os cuento?<\/strong> Cu\u00e9ntanos un cuento. Pero hazlo de forma que el cuento lleguemos a cont\u00e1rnoslo entre todos y todas; hazlo de modo que de esa experiencia del hacer com\u00fan saquemos en claro algo para aplicar a la vida; hazlo de modo que el cuento importe menos que la manera en que nos enredamos juntos\/as en algo y nos sorprendemos con lo que resulta. <strong>\u00bfA qu\u00e9 os refer\u00eds con compartir de forma pr\u00e1ctica la investigaci\u00f3n?<\/strong> Nos referimos a que busques la forma de no ser un busto parlante frente a un auditorio que asiente a lo que dices mientras te mira a ti o a tu &#8216;powerpoint&#8217; con cara de inter\u00e9s mientras piensa qu\u00e9 habr\u00e1 para comer. Inventa el modo m\u00e1s din\u00e1mico posible donde el propio hacer de cuenta de las claves que investigas. En otras palabras: busca el modo de compartir art\u00edsticamente. <strong>\u00bfCu\u00e1nto tiempo tengo para compartir? <\/strong>Depende. Hasta que no nos digas t\u00fa y el resto de participantes qu\u00e9 necesitas y en qu\u00e9 piensas no podemos confirmarte qu\u00e9 podemos hacer con el tiempo. Habr\u00e1 quienes necesiten una hora, habr\u00e1 quienes se queden cortos con tres. Lo mejor es proponer algo flexible que pueda adaptarse a las circunstancias y l\u00edmites del encuentro. En otras palabras: s\u00e9 artista, configura un mapa con el que explorar un territorio incierto. <strong>\u00bfCuento con alg\u00fan tipo de material?<\/strong> S\u00ed, habr\u00e1 un proyector, un tr\u00edpode, un equipo casero de sonido, alguna c\u00e1mara, un ordenador port\u00e1til, todo lo que puedes encontrar en una casa: cacerolas, s\u00e1banas, sillas y todo lo que puedes encontrar en un entorno natural: p\u00e1jaros, luz, sombra, arena o cielo. Si necesitas algo que no est\u00e1 en esta lista, preg\u00fantanos y si podemos llevarlo te lo decimos. En otras palabras: s\u00e9 artista: haz algo con lo que haya as\u00ed sea nada. <strong>\u00bfPor qu\u00e9 deber\u00edan interesarme las propuestas ajenas?<\/strong> Gracias por hacernos esta pregunta porque nos permite aclarar una de las claves del encuentro. Venir y participar <em>en<\/em> y <em>de<\/em> este encuentro significa que por encima de cualquier otra necesidad debe preceder el deseo de compartir. Compartir no significa utilizar el encuentro para tus fines particulares, significa abrazar la posibilidad de que abriendo tu proceso\/proyecto a otros\/as sientas que acaba por atravesarlo la vida. Pensar en que algo singular pueda contribuir a agrandar el espacio com\u00fan es lo que nos traemos entre manos en este micro-retiro. Las propuestas ajenas, lo creas o no, lo sientas o no, son tan tuyas como del otro. Si esto est\u00e1 claro para todos y todas, tanto dar como compartir se convierten en una y la misma cosa. Si esto est\u00e1 claro para todos y todas, el propio encuentro deviene una experiencia <em>con arte<\/em>. No porque nosotras hagamos arte sino porque se hace haciendo en el hacer de todos\/as\/es\/ix.  <strong>\u00bfQu\u00e9 pasa si en alg\u00fan momento no puedo o no quiero participar de la propuesta de alg\u00fan compa\u00f1ero\/a?<\/strong> Que te lo pierdes. Pero no habr\u00e1 ning\u00fan juicio por nuestra parte. Las circunstancias personales de todos\/as nosotras son desconocidas y tendr\u00e1n su raz\u00f3n de ser. Haz como necesites, eso s\u00ed, preg\u00fantate si eso que necesitas es una excusa para no dejarte atravesar por lo desconocido. <strong>\u00bfPor qu\u00e9 tiene este precio el encuentro si no hay talleres donde me aseguren que voy a tener de vuelta un conocimiento, un saber, un algo que figure en mi cartilla, expediente y dem\u00e1s portafolios de logros?<\/strong> El encuentro cuesta lo m\u00ednimo indispensable para hacerlo posible. Nosotras no nos llevamos ning\u00fan extra ni si quiera por el trabajo de gesti\u00f3n y comunicaci\u00f3n que hacemos. Por otro lado, no confundas precio con valor. Y por \u00faltimo, si haces esta pregunta ven por ver si concluyes que el saber que importa es aquel que se experimenta y no aquel que se computa. <strong>Tengo otra duda que no aparece aqu\u00ed, \u00bfqu\u00e9 hago?<\/strong> Preg\u00fantale a tu madre que te dir\u00e1 lo mismo que nosotras: escr\u00edbenos, la casu\u00edstica es grande y no nos cabe en este p\u00e1rrafo. Juntas intentamos ponernos f\u00e1cil la vida. <strong>\u00bfPor qu\u00e9 parec\u00e9is tan ortodoxas en estas <em>faqs<\/em>?<\/strong> Tienes toda la raz\u00f3n. Lo cierto es que preferir\u00edamos que nos escribieses ilusionado\/a con la propuesta sin tener que comunicar de acuerdo a los c\u00e1nones de claridad y disociar as\u00ed nuestro hacer de nuestra filosof\u00eda pero en esta ocasi\u00f3n ha primado lo segundo. Seguro que nos entiendes.<\/p>\n\n\n\n<p id=\"block-aa808273-fd2e-4d9a-bfc2-1edfcf10db0b\"><strong>EN DETALLE<\/strong><\/p>\n\n\n\n<pre id=\"block-4007c6f1-f9e3-4820-b6f9-90c4820df27e\" class=\"wp-block-preformatted\" style=\"font-size:14px;font-style:normal;font-weight:300\"><strong>Domingo 29 de marzo de 2026<\/strong>:<br>Llegamos a partir de las <strong>17h<\/strong>. Nos acomodamos, nos presentamos, preparamos algo de cenar, nos conocemos un poco m\u00e1s mientras cenamos y nos vamos prontito a dormir para tener energ\u00edas para el d\u00eda siguiente. Es posible llegar el lunes 14 siempre y cuando lo hagas antes de que comencemos con la actividad.<br><br><strong>Del lunes 30\/03\/26 al viernes 03\/04\/26<\/strong>:<br><strong>De 10h. \u2013 20h.<\/strong> De 10h a 20h intercambio de investigaciones y saberes. A cada participante se le asignar\u00e1 una franja horaria de entre dos y cuatro horas donde podr\u00e1 compartir en modo pr\u00e1ctico su proceso de investigaci\u00f3n con el grupo. Los horarios y sus duraciones se establecer\u00e1n a priori previa conversaci\u00f3n con el\/la artista a fin de poder acomodar las necesidades del grupo en su conjunto sin menoscabo de ninguna propuesta singular. Por la misma raz\u00f3n el horario de las comidas se ir\u00e1 adaptando seg\u00fan el calendario final.<br><br><strong>De 20h en adelante<\/strong>: nos relajarnos, tocamos m\u00fasica, paseamos, cenamos, pensamos, miramos las estrellas, conversamos, bailamos, bajamos al mar. <br><br><strong>S\u00e1bado 4 de abril de 2026:<\/strong><br>De <strong>10h. a 12h<\/strong>. compartir impresiones y cierre. Dejamos el lugar antes de las 12h.<br><\/pre>\n\n\n\n<p id=\"block-b9254d0a-3eed-4769-8c38-bc39e928c74a\"><strong>PARA QUI\u00c9N<\/strong><\/p>\n\n\n\n<p id=\"block-e1f0e2a5-6de3-4049-a510-bb7b55bf1d96\" style=\"font-size:14px;font-style:normal;font-weight:300\">Destinado a artistas consumados\/as o en ciernes o renegaos\/as con ganas de crear comunidad y compartir tanto dudas como saberes.<\/p>\n\n\n\n<p id=\"block-33806eea-9898-40c0-8ff4-fdf15b0b340d\"><strong>D\u00d3NDE<\/strong><\/p>\n\n\n\n<p id=\"block-438a53fd-9965-4e5c-9f81-6f1a5c9efb11\" style=\"font-size:14px;font-style:normal;font-weight:300\">En el Molino Fern\u00e1n P\u00e9rez, en la comarca de Cabo de Gata &#8211; N\u00edjar, Almer\u00eda (Espa\u00f1a). Si necesitas m\u00e1s informaci\u00f3n sobre el tipo y las condiciones del alojamiento, escr\u00edbenos.<\/p>\n\n\n\n<div class=\"wp-block-columns is-layout-flex wp-container-core-columns-is-layout-9d6595d7 wp-block-columns-is-layout-flex\">\n<div class=\"wp-block-column is-layout-flow wp-block-column-is-layout-flow\" style=\"flex-basis:50%\"><div class=\"wp-block-image is-style-rounded\">\n<figure class=\"aligncenter size-full\" id=\"block-8662d670-1d0b-4d23-b8ba-9da35c39636b\"><img data-recalc-dims=\"1\" loading=\"lazy\" decoding=\"async\" width=\"640\" height=\"401\" src=\"https:\/\/i0.wp.com\/www.lafraguabruta.com\/wp-content\/uploads\/2024\/12\/kino_trans_molienda.png?resize=640%2C401&#038;ssl=1\" alt=\"\" class=\"wp-image-2581\" style=\"aspect-ratio:16\/9;object-fit:cover\" srcset=\"https:\/\/i0.wp.com\/www.lafraguabruta.com\/wp-content\/uploads\/2024\/12\/kino_trans_molienda.png?w=1000&amp;ssl=1 1000w, https:\/\/i0.wp.com\/www.lafraguabruta.com\/wp-content\/uploads\/2024\/12\/kino_trans_molienda.png?resize=300%2C188&amp;ssl=1 300w, https:\/\/i0.wp.com\/www.lafraguabruta.com\/wp-content\/uploads\/2024\/12\/kino_trans_molienda.png?resize=768%2C481&amp;ssl=1 768w, https:\/\/i0.wp.com\/www.lafraguabruta.com\/wp-content\/uploads\/2024\/12\/kino_trans_molienda.png?resize=600%2C376&amp;ssl=1 600w\" sizes=\"auto, (max-width: 640px) 100vw, 640px\" \/><\/figure>\n<\/div><\/div>\n\n\n\n<div class=\"wp-block-column is-layout-flow wp-block-column-is-layout-flow\" style=\"flex-basis:50%\"><div class=\"wp-block-image is-style-rounded\">\n<figure class=\"aligncenter size-full\" id=\"block-8662d670-1d0b-4d23-b8ba-9da35c39636b\"><img data-recalc-dims=\"1\" loading=\"lazy\" decoding=\"async\" width=\"640\" height=\"256\" src=\"https:\/\/i0.wp.com\/www.lafraguabruta.com\/wp-content\/uploads\/2024\/12\/p_molienda-2894805135.jpg?resize=640%2C256&#038;ssl=1\" alt=\"\" class=\"wp-image-2582\" style=\"aspect-ratio:16\/9;object-fit:cover\" srcset=\"https:\/\/i0.wp.com\/www.lafraguabruta.com\/wp-content\/uploads\/2024\/12\/p_molienda-2894805135.jpg?w=1000&amp;ssl=1 1000w, https:\/\/i0.wp.com\/www.lafraguabruta.com\/wp-content\/uploads\/2024\/12\/p_molienda-2894805135.jpg?resize=300%2C120&amp;ssl=1 300w, https:\/\/i0.wp.com\/www.lafraguabruta.com\/wp-content\/uploads\/2024\/12\/p_molienda-2894805135.jpg?resize=768%2C307&amp;ssl=1 768w, https:\/\/i0.wp.com\/www.lafraguabruta.com\/wp-content\/uploads\/2024\/12\/p_molienda-2894805135.jpg?resize=600%2C240&amp;ssl=1 600w\" sizes=\"auto, (max-width: 640px) 100vw, 640px\" \/><\/figure>\n<\/div><\/div>\n<\/div>\n\n\n\n<p><\/p>\n\n\n\n<p id=\"block-4181270c-13ea-49e0-94ee-9f6e97b19284\"><strong>LOG\u00cdSTICA<\/strong><\/p>\n\n\n\n<p id=\"block-c81a2b71-d238-4a08-808d-82bc26772e70\" style=\"font-size:14px;font-style:normal;font-weight:300\">Compartimos viaje en coche siempre que se pueda y coincidan las rutas. <br>La comida ser\u00e1 vegetariana. En la medida de lo posible se considerar\u00e1n alergias e intolerancias.<br>Hacemos turnos para cocinar y limpiar. No nos complicamos, hacemos que sea sencillo.<br>Hay habitaciones con camas simples y dobles.<br>Una vez estemos all\u00ed nos acomodamos seg\u00fan necesidades individuales y grados de flexibilidad. <br>Entre todas y nos lo ponemos f\u00e1cil.<\/p>\n\n\n\n<p id=\"block-2ce832dc-20ac-4169-ad66-543a10ca9fb4\"><strong>FECHAS,<\/strong> <strong>HORARIOS Y PRECIOS<\/strong><\/p>\n\n\n\n<p id=\"block-af40c55a-5dda-4603-983f-9ecd97f34272\" style=\"font-size:14px;font-style:normal;font-weight:300\">Del 29 de marzo al 04 de abril de 2026. <strong>Semana Santa<\/strong><br>590\u20ac si te inscribes antes del 28 de febrero.<br>660\u20ac si te inscribes despu\u00e9s del 28 de febrero.<br>Plazas limitadas.<br>Pol\u00edtica de bolsillos apretados. Preg\u00fantanos.<\/p>\n\n\n\n<p id=\"block-f6e8827c-735e-44b9-b366-dbf379654559\"><strong>INSCRIPCIONES<\/strong><\/p>\n\n\n\n<p id=\"block-a0f72173-a493-46d3-994d-bd4eaf50d987\" style=\"font-size:14px;font-style:normal;font-weight:300\">La inscripci\u00f3n se realizar\u00e1 mediante el env\u00edo de un correo electr\u00f3nico a <a href=\"mailto: lafragua@lafraguabruta.com\">La Fragua Bruta<\/a> especificando la actividad a la cual se quiere asistir. El pago se realizar\u00e1 mediante transferencia bancaria indicando como concepto <strong>MICRORETI26<\/strong>. Una vez recibamos el justificante de ingreso, os reservamos la plaza para el encuentro respondiendo a vuestra inscripci\u00f3n con un correo de confirmaci\u00f3n.<\/p>\n\n\n\n<div class=\"wpcf7 no-js\" id=\"wpcf7-f2594-o1\" lang=\"es-ES\" dir=\"ltr\" data-wpcf7-id=\"2594\">\n<div class=\"screen-reader-response\"><p role=\"status\" aria-live=\"polite\" aria-atomic=\"true\"><\/p> <ul><\/ul><\/div>\n<form action=\"\/index.php\/wp-json\/wp\/v2\/posts\/2806#wpcf7-f2594-o1\" method=\"post\" class=\"wpcf7-form init\" aria-label=\"Formulario de contacto\" novalidate=\"novalidate\" data-status=\"init\">\n<fieldset class=\"hidden-fields-container\"><input type=\"hidden\" name=\"_wpcf7\" value=\"2594\" \/><input type=\"hidden\" name=\"_wpcf7_version\" value=\"6.1.5\" \/><input type=\"hidden\" name=\"_wpcf7_locale\" value=\"es_ES\" \/><input type=\"hidden\" name=\"_wpcf7_unit_tag\" value=\"wpcf7-f2594-o1\" \/><input type=\"hidden\" name=\"_wpcf7_container_post\" value=\"0\" \/><input type=\"hidden\" name=\"_wpcf7_posted_data_hash\" value=\"\" \/>\n<\/fieldset>\n<p><label> \u00bfc\u00f3mo te llaman?<br \/>\n<span class=\"wpcf7-form-control-wrap\" data-name=\"your-name\"><input size=\"40\" maxlength=\"400\" class=\"wpcf7-form-control wpcf7-text wpcf7-validates-as-required\" autocomplete=\"name\" aria-required=\"true\" aria-invalid=\"false\" value=\"\" type=\"text\" name=\"your-name\" \/><\/span> <\/label>\n<\/p>\n<p><label> \u00bfcu\u00e1l es tu direcci\u00f3n de correo?<br \/>\n<span class=\"wpcf7-form-control-wrap\" data-name=\"your-email\"><input size=\"40\" maxlength=\"400\" class=\"wpcf7-form-control wpcf7-email wpcf7-validates-as-required wpcf7-text wpcf7-validates-as-email\" autocomplete=\"email\" aria-required=\"true\" aria-invalid=\"false\" value=\"\" type=\"email\" name=\"your-email\" \/><\/span> <\/label>\n<\/p>\n<p><label> el asunto<br \/>\n<span class=\"wpcf7-form-control-wrap\" data-name=\"your-subject\"><input size=\"40\" maxlength=\"400\" class=\"wpcf7-form-control wpcf7-text wpcf7-validates-as-required\" aria-required=\"true\" aria-invalid=\"false\" value=\"\" type=\"text\" name=\"your-subject\" \/><\/span> <\/label>\n<\/p>\n<p><label> Cu\u00e9ntanos cu\u00e1l es tu inter\u00e9s en participar, las l\u00edneas de tu investigaci\u00f3n y c\u00f3mo piensas compartirte-nos-la-lo.<br \/>\n<span class=\"wpcf7-form-control-wrap\" data-name=\"your-message\"><textarea cols=\"40\" rows=\"10\" maxlength=\"2000\" class=\"wpcf7-form-control wpcf7-textarea\" aria-invalid=\"false\" name=\"your-message\"><\/textarea><\/span> <\/label>\n<\/p>\n<p><input class=\"wpcf7-form-control wpcf7-submit has-spinner\" type=\"submit\" value=\"Enviar\" \/>\n<\/p><p style=\"display: none !important;\" class=\"akismet-fields-container\" data-prefix=\"_wpcf7_ak_\"><label>&#916;<textarea name=\"_wpcf7_ak_hp_textarea\" cols=\"45\" rows=\"8\" maxlength=\"100\"><\/textarea><\/label><input type=\"hidden\" id=\"ak_js_1\" name=\"_wpcf7_ak_js\" value=\"18\"\/><script type=\"text\/javascript\">\n\/* <![CDATA[ *\/\ndocument.getElementById( \"ak_js_1\" ).setAttribute( \"value\", ( new Date() ).getTime() );\n\/* ]]> *\/\n<\/script>\n<\/p><div class=\"wpcf7-response-output\" aria-hidden=\"true\"><\/div>\n<\/form>\n<\/div>\n\n\n\n\n<p id=\"block-e5f35a25-66d8-4ac8-9e71-3aeb16dd41e3\"><strong>A CARGO DE<\/strong><\/p>\n\n\n\n<div class=\"wp-block-columns is-layout-flex wp-container-core-columns-is-layout-9d6595d7 wp-block-columns-is-layout-flex\">\n<div class=\"wp-block-column is-layout-flow wp-block-column-is-layout-flow\" style=\"flex-basis:50%\"><div class=\"wp-block-image is-style-rounded\">\n<figure class=\"aligncenter size-full is-resized\" id=\"block-06561179-fc9d-4c96-82b8-a06af055a66a\"><img data-recalc-dims=\"1\" loading=\"lazy\" decoding=\"async\" width=\"640\" height=\"641\" src=\"https:\/\/i0.wp.com\/www.lafraguabruta.com\/wp-content\/uploads\/2024\/10\/IMG_3470.jpg?resize=640%2C641&#038;ssl=1\" alt=\"\" class=\"wp-image-2462\" style=\"width:252px;height:auto\" srcset=\"https:\/\/i0.wp.com\/www.lafraguabruta.com\/wp-content\/uploads\/2024\/10\/IMG_3470.jpg?w=640&amp;ssl=1 640w, https:\/\/i0.wp.com\/www.lafraguabruta.com\/wp-content\/uploads\/2024\/10\/IMG_3470.jpg?resize=300%2C300&amp;ssl=1 300w, https:\/\/i0.wp.com\/www.lafraguabruta.com\/wp-content\/uploads\/2024\/10\/IMG_3470.jpg?resize=150%2C150&amp;ssl=1 150w, https:\/\/i0.wp.com\/www.lafraguabruta.com\/wp-content\/uploads\/2024\/10\/IMG_3470.jpg?resize=600%2C601&amp;ssl=1 600w\" sizes=\"auto, (max-width: 640px) 100vw, 640px\" \/><figcaption class=\"wp-element-caption\"><a href=\"https:\/\/www.lafraguabruta.com\/index.php\/las-fraguantes\/\">Patricia Delso<\/a><\/figcaption><\/figure>\n<\/div><\/div>\n\n\n\n<div class=\"wp-block-column is-layout-flow wp-block-column-is-layout-flow\" style=\"flex-basis:50%\"><div class=\"wp-block-image is-style-rounded\">\n<figure class=\"aligncenter size-full is-resized\" id=\"block-06561179-fc9d-4c96-82b8-a06af055a66a\"><img data-recalc-dims=\"1\" decoding=\"async\" src=\"https:\/\/i0.wp.com\/www.lafraguabruta.com\/wp-content\/uploads\/2025\/02\/fotodeperfil.jpg?w=640&#038;ssl=1\" alt=\"\" class=\"wp-image-2603\" style=\"width:252px;height:auto\"\/><figcaption class=\"wp-element-caption\"><a href=\"https:\/\/www.lafraguabruta.com\/index.php\/las-brutas\/\">Elena Arroyo<\/a><\/figcaption><\/figure>\n<\/div><\/div>\n<\/div>\n\n\n\n<p><strong>ENCUENTROS QUE YA FUERON<\/strong>:<\/p>\n\n\n\n<iframe loading=\"lazy\" src=\"https:\/\/player.vimeo.com\/video\/1118999496?badge=0&amp;autopause=0&amp;player_id=0&amp;app_id=58479&amp;autoplay=1&amp;muted=1&amp;loop=1\" width=\"237\" height=\"420\" frameborder=\"0\" allow=\"autoplay; fullscreen; picture-in-picture; clipboard-write; encrypted-media; web-share\" referrerpolicy=\"strict-origin-when-cross-origin\" title=\"Encuentro_02\"><\/iframe>\n\n\n\n<iframe loading=\"lazy\" src=\"https:\/\/player.vimeo.com\/video\/1118999423?badge=0&amp;autopause=0&amp;player_id=0&amp;app_id=58479&amp;autoplay=1&amp;muted=1&amp;loop=1\" width=\"237\" height=\"420\" frameborder=\"0\" allow=\"autoplay; fullscreen; picture-in-picture; clipboard-write; encrypted-media; web-share\" referrerpolicy=\"strict-origin-when-cross-origin\" title=\"Encuentros_01\"><\/iframe>\n\n\n\n<iframe loading=\"lazy\" src=\"https:\/\/player.vimeo.com\/video\/1153002415?badge=0&amp;autopause=0&amp;player_id=0&amp;app_id=58479&amp;autoplay=1&amp;muted=1&amp;loop=1\" width=\"237\" height=\"420\" frameborder=\"0\" allow=\"autoplay; fullscreen; picture-in-picture; clipboard-write; encrypted-media; web-share\" referrerpolicy=\"strict-origin-when-cross-origin\" title=\"Encuentro_02\"><\/iframe>\n","protected":false},"excerpt":{"rendered":"<p>No queremos ense\u00f1ar nada. No queremos producir lo que sea. No queremos llegar a cualquier lugar. No queremos cumplir con agendas ni expectativas ni protocolos. No queremos hacer por hacer. No queremos rellenar la casilla de tareas cumplidas. Si lo hacemos ser\u00e1 por defecto y no porque nos lo pongamos como misi\u00f3n o tema o t\u00edtulo.<\/p>\n","protected":false},"author":1,"featured_media":2807,"comment_status":"closed","ping_status":"open","sticky":false,"template":"","format":"standard","meta":{"footnotes":""},"categories":[421],"tags":[204,317,28,137,27,258,207,305,318,35,126,164,34,33,38,36,72,48,304,208,320,268,79,205,321,148,269,122,203,202,45,178,314,210,257,316,313,206,254,310,253,271,270,237,256,50,185,312,311,261,309,262,248,183,319,231,211,307,308,209,306,276,163,145,265,315,264],"class_list":["post-2806","post","type-post","status-publish","format-standard","has-post-thumbnail","hentry","category-actividades-pasadas","tag-acompanamiento-de-proyectos-creativos","tag-almeria","tag-arte","tag-arte-contemporaneo","tag-artes-visuales","tag-arteterapia","tag-asesoria-de-proyecto","tag-cabo-de-gata","tag-campo","tag-cine-de-autor","tag-cine-de-mujeres","tag-cine-de-no-ficcion","tag-cine-documental","tag-cine-ensayo","tag-cine-expandido","tag-cine-independiente","tag-cine-no-narrativo","tag-cine-poesia","tag-clinica-de-artecine","tag-coach-de-arte","tag-compartir","tag-conocete-a-ti-mismo","tag-creacion","tag-creacion-de-cine","tag-creacion-grupal","tag-creatividad","tag-critica-cultural","tag-cuerpo-somatico","tag-curso-guion","tag-curso-narrativa-cine","tag-cursos-de-cine","tag-danza","tag-danza-teatro-improvisacion","tag-editor-doctor","tag-encuentros","tag-escapada-de-semana-santa","tag-escenicas","tag-escritura-de-guion","tag-escuela-de-cine","tag-formacion-artistica","tag-formacion-de-cine","tag-hacer-encarnado","tag-hacer-haciendo","tag-improvisacion","tag-juego","tag-jugar","tag-laboratorio-de-arte","tag-laboratorio-de-cine","tag-marginalidades-artisticas","tag-marina-garces","tag-micro-residencia","tag-mundo-comun","tag-pensamiento-situado","tag-performance","tag-playa","tag-proceso-creativo","tag-proyect-doctor","tag-residencia-artistica","tag-retiro-de-arte","tag-script-doctor","tag-semana-santa","tag-talleres","tag-talleres-de-cine","tag-teatro","tag-utilidad-de-lo-inutil","tag-vacaciones-semana-santa","tag-vision-periferica"],"_links":{"self":[{"href":"https:\/\/www.lafraguabruta.com\/index.php\/wp-json\/wp\/v2\/posts\/2806","targetHints":{"allow":["GET"]}}],"collection":[{"href":"https:\/\/www.lafraguabruta.com\/index.php\/wp-json\/wp\/v2\/posts"}],"about":[{"href":"https:\/\/www.lafraguabruta.com\/index.php\/wp-json\/wp\/v2\/types\/post"}],"author":[{"embeddable":true,"href":"https:\/\/www.lafraguabruta.com\/index.php\/wp-json\/wp\/v2\/users\/1"}],"replies":[{"embeddable":true,"href":"https:\/\/www.lafraguabruta.com\/index.php\/wp-json\/wp\/v2\/comments?post=2806"}],"version-history":[{"count":8,"href":"https:\/\/www.lafraguabruta.com\/index.php\/wp-json\/wp\/v2\/posts\/2806\/revisions"}],"predecessor-version":[{"id":2905,"href":"https:\/\/www.lafraguabruta.com\/index.php\/wp-json\/wp\/v2\/posts\/2806\/revisions\/2905"}],"wp:featuredmedia":[{"embeddable":true,"href":"https:\/\/www.lafraguabruta.com\/index.php\/wp-json\/wp\/v2\/media\/2807"}],"wp:attachment":[{"href":"https:\/\/www.lafraguabruta.com\/index.php\/wp-json\/wp\/v2\/media?parent=2806"}],"wp:term":[{"taxonomy":"category","embeddable":true,"href":"https:\/\/www.lafraguabruta.com\/index.php\/wp-json\/wp\/v2\/categories?post=2806"},{"taxonomy":"post_tag","embeddable":true,"href":"https:\/\/www.lafraguabruta.com\/index.php\/wp-json\/wp\/v2\/tags?post=2806"}],"curies":[{"name":"wp","href":"https:\/\/api.w.org\/{rel}","templated":true}]}}