{"id":2764,"date":"2025-11-12T13:18:27","date_gmt":"2025-11-12T13:18:27","guid":{"rendered":"https:\/\/www.lafraguabruta.com\/?p=2764"},"modified":"2026-04-22T12:15:42","modified_gmt":"2026-04-22T12:15:42","slug":"al-calor-de-la-lumbre-micro-retiro-de-arte-y-cine","status":"publish","type":"post","link":"https:\/\/www.lafraguabruta.com\/index.php\/2025\/11\/12\/al-calor-de-la-lumbre-micro-retiro-de-arte-y-cine\/","title":{"rendered":"AL CALOR DE LA LUMBRE. MICRO-RETIRO DE ARTE Y CINE."},"content":{"rendered":"\n<p id=\"block-799ca244-794d-43e9-9975-b3a5524b9137\"><strong>RETIRO ART\u00cdSTICO CON PRESENTES PARA LOS REYES. 2-6 DE ENERO DE 2026<\/strong><\/p>\n\n\n\n<p id=\"block-83603ba1-4d59-4fa4-843e-a2e94d9720ef\" style=\"font-size:14px;font-style:normal;font-weight:300\">Apetece lumbre cuando afuera hay escarcha prendida en los olivos, las encinas, las parras, el robledal. Apetece lumbre y sopa de miso y guiso de puchero mientras afuera se desvanece el aroma del asado y del champ\u00e1n. Apetece lumbre y a media voz conversar tranquilo sobre lo que unos y otros andan tramando en el guion, la novela, el montaje, la pieza \u2013la que cabe en la maleta\u2013 de arte. Apetece dar un paseo con gorro y bufanda monte a trav\u00e9s oteando horizontes inciertos, captando detalles aqu\u00ed o all\u00e1: cantos de aves, un fruto rojo en la negra zarza, una gota de roc\u00edo, un destello en la piedra lamida por el agua del r\u00edo y al volver, apetece lumbre. Y tambi\u00e9n en la noche \u2013con una infusi\u00f3n humeante entre las manos y el olor a madera de cedro quemada envolvi\u00e9ndonos\u2013 proyectar una pel\u00edcula que acompa\u00f1e el estar y si viene al caso intercambiar impresi\u00f3n o expresi\u00f3n y buenas noches, hasta ma\u00f1ana, que descanses o que sigas bien tu trabajo tambi\u00e9n con lumbre y amor y atenci\u00f3n.<\/p>\n\n\n\n<p id=\"block-abb9d0a8-7a21-42fa-a73f-d0bcef713980\" style=\"font-size:14px;font-style:normal;font-weight:300\">\u2026Y el d\u00eda de la Noche de Reyes apetece lumbre y, con energ\u00eda de monjes, preparar juntos y juntas presentes en forma de piezas cortas, poemas, instalaciones, performances\u2026 Apetece lumbre y pensar en hacer magia \u2013todos a una, todos en gracia\u2013 con lo que est\u00e1 al alcance de la mano, a pie de campo, a arrullo de voz. As\u00ed tendremos algo, as\u00ed sea la nada, entre las manos: un pu\u00f1ado de pi\u00f1as, un pastel, una performance, un canto, un concierto, una proyecci\u00f3n, un entramado, un juego, un misterio\u2026 Bajo la ley del ritual esc\u00e9nico: con entrega, atenci\u00f3n y voluntad de transformaci\u00f3n, la Noche de Reyes nos regalaremos tiempo, energ\u00eda, arte y belleza en todas sus formas para seguir alumbrando el espacio com\u00fan. Seremos ofrendas para los reyes que somos. Sin intenci\u00f3n ni pretensi\u00f3n, tan solo pre\u00f1ados de gracia, prendados de deseo, regados de vida. Ser\u00e1 como un rezo laico, como un canto l\u00edrico y prosaico, como una liturgia de juego: por amor al amor, con atenci\u00f3n delicada, serena, amable, fina, precisa, tranquila&#8230;<\/p>\n\n\n\n<p id=\"block-d4dc6b85-8260-4b11-a121-d325164cbcd5\"><strong>DUDAS<\/strong><\/p>\n\n\n\n<p id=\"block-e4947ca1-5e2c-43d8-a29f-fbde0edb83c1\" style=\"font-size:14px;font-style:normal;font-weight:300\"><strong>\u00bfUn poco m\u00e1s conciso, por favor?<\/strong> Es un encuentro de tres d\u00edas para compartir espacio f\u00edsico \u2013una finca rural\u2013 y espacio de creaci\u00f3n. Vienes, te organizas el tiempo de que dispones como quieras: paseo, escritura, dibujo, meditaci\u00f3n, lectura, no hacer nada de nada, recoger flores o contemplar las vacas y el otro tiempo lo compartes: hablar de tu proyecto con una acompa\u00f1ante: <em>coach<\/em>, persona que hace preguntas, pone peros, se\u00f1ala vac\u00edos, recoge misterios y\/o participar en grupo aportando y recibiendo.<\/p>\n\n\n\n<p id=\"block-e4947ca1-5e2c-43d8-a29f-fbde0edb83c1\" style=\"font-size:14px;font-style:normal;font-weight:300\">El d\u00eda de La Noche de Reyes, la invitaci\u00f3n es a co-crear juntos breves presentes para compartir. Si eres capaz de ponerte de acuerdo con otras almas al ritmo de la energ\u00eda invernal, es genial. Si no eres capaz de negociar en grupo pero s\u00ed de estar, compartir y hacer un \u00absolo\u00bb solo, tambi\u00e9n es genial.<\/p>\n\n\n\n<p id=\"block-8e623450-ed1f-4735-90b3-76aa98e3cb00\"><strong>EN DETALLE<\/strong><\/p>\n\n\n\n<pre id=\"block-c974000b-e53f-4c07-ae9b-ddb34bcd77f2\" class=\"wp-block-preformatted has-background\" style=\"background-color:#fbe9b7;font-size:14px;font-style:normal;font-weight:300\"><strong>02 de enero de 2026<\/strong>:<br>Llegamos a partir de las <strong>16h<\/strong>. Nos acomodamos, nos presentamos, preparamos algo de cenar, cenamos y nos vamos prontito a dormir para tener energ\u00edas para el d\u00eda siguiente. <br><br><strong>03 - 04 de enero<\/strong> <strong>de 2026<\/strong>:<br>Desayuno sin horario.<br>De<strong> 10:00h. <\/strong>a<strong> 13:00h.<\/strong> Puedes pedir una asesor\u00eda individual o una colaboraci\u00f3n\/ayuda puntual.<br>De <strong>13:30h. <\/strong>a<strong> 15:30h.<\/strong> Horario de cocina y comida.<br>De <strong>16:30h<\/strong>. a <strong>19:30h<\/strong>. Compartimos en grupo. Si\u00e9ntete libre de participar o no.<br>De <strong>19:30h. <\/strong>a<strong> 21:30h.<\/strong> Horario de cocina y cena. <br>De <strong>21:30h. <\/strong>a<strong> 23:00h.<\/strong> Chimenea, infusi\u00f3n, proyecci\u00f3n de cine, lectura, performance \u00edntima.<br><br><strong>05 de enero de 2026:<\/strong><br>Desayuno sin horario. <br>De<strong> 10:00h. <\/strong>a<strong> 13:00h.<\/strong> Co-creaci\u00f3n<br>De <strong>13:30h. <\/strong>a<strong> 15:30h.<\/strong> Horario de cocina y comida.<br>De <strong>16:30h<\/strong>. a <strong>18:30h<\/strong>. Co-creaci\u00f3n.<br>De <strong>18:30h. <\/strong>a<strong> 19:30h.<\/strong> Te preparas con tus mejores galas para la cena.<br>De <strong>19:30h. <\/strong>a<strong> 21:30h.<\/strong> Cena de gala. <br>De <strong>21:30h. <\/strong>a<strong> 00:00h.<\/strong> Velada de Magos.<br><br><strong>06 de enero de 2026<\/strong>:<br>Salimos como muy tarde a las 12:00h.<br><\/pre>\n\n\n\n<p id=\"block-11b7cf6a-7fd5-44a6-b654-94f3218434a6\"><strong>PARA QUI\u00c9N<\/strong><\/p>\n\n\n\n<p id=\"block-eb51c88f-b9aa-48eb-9eaf-90bd94a1e501\" style=\"font-size:14px;font-style:normal;font-weight:300\">Destinado a personas que hacen cosas, con necesidad de un espacio tranquilo, un tiempo que fluya calmo y un hacer compartido. Habr\u00e1 libertad sin juicio ni censura para estar, participar o meterse en la cueva siempre que lo que hagas lo compartas a conciencia.<\/p>\n\n\n\n<p id=\"block-fdcf5ce4-5632-43da-bdcc-f56759d27c61\"><strong>D\u00d3NDE<\/strong><\/p>\n\n\n\n<p id=\"block-0acf161e-9354-47b6-9893-f5e66a585e31\" style=\"font-size:14px;font-style:normal;font-weight:300\">En la finca El Planch\u00f3n en el t\u00e9rmino municipal de Garv\u00edn de la Jara. C\u00e1ceres, Extremadura. Si no tienes coche puedes preguntarnos por plazas libres en los veh\u00edculos de otros\/as participantes. Tambi\u00e9n puedes llegar en autob\u00fas hasta el pueblo y all\u00ed te recogemos.<\/p>\n\n\n\n<div class=\"wp-block-columns is-layout-flex wp-container-core-columns-is-layout-9d6595d7 wp-block-columns-is-layout-flex\">\n<div class=\"wp-block-column is-layout-flow wp-block-column-is-layout-flow\" style=\"flex-basis:100%\">\n<figure class=\"wp-block-image size-large is-resized is-style-rounded\"><img data-recalc-dims=\"1\" loading=\"lazy\" decoding=\"async\" width=\"640\" height=\"289\" src=\"https:\/\/i0.wp.com\/www.lafraguabruta.com\/wp-content\/uploads\/2024\/09\/YDRAY-IMG_20241013_090538.jpg?resize=640%2C289&#038;ssl=1\" alt=\"\" class=\"wp-image-2432\" style=\"width:313px;height:auto\" srcset=\"https:\/\/i0.wp.com\/www.lafraguabruta.com\/wp-content\/uploads\/2024\/09\/YDRAY-IMG_20241013_090538-scaled.jpg?resize=1024%2C462&amp;ssl=1 1024w, https:\/\/i0.wp.com\/www.lafraguabruta.com\/wp-content\/uploads\/2024\/09\/YDRAY-IMG_20241013_090538-scaled.jpg?resize=300%2C135&amp;ssl=1 300w, https:\/\/i0.wp.com\/www.lafraguabruta.com\/wp-content\/uploads\/2024\/09\/YDRAY-IMG_20241013_090538-scaled.jpg?resize=768%2C346&amp;ssl=1 768w, https:\/\/i0.wp.com\/www.lafraguabruta.com\/wp-content\/uploads\/2024\/09\/YDRAY-IMG_20241013_090538-scaled.jpg?resize=1536%2C693&amp;ssl=1 1536w, https:\/\/i0.wp.com\/www.lafraguabruta.com\/wp-content\/uploads\/2024\/09\/YDRAY-IMG_20241013_090538-scaled.jpg?resize=2048%2C924&amp;ssl=1 2048w, https:\/\/i0.wp.com\/www.lafraguabruta.com\/wp-content\/uploads\/2024\/09\/YDRAY-IMG_20241013_090538-scaled.jpg?resize=600%2C271&amp;ssl=1 600w, https:\/\/i0.wp.com\/www.lafraguabruta.com\/wp-content\/uploads\/2024\/09\/YDRAY-IMG_20241013_090538-scaled.jpg?w=1280&amp;ssl=1 1280w, https:\/\/i0.wp.com\/www.lafraguabruta.com\/wp-content\/uploads\/2024\/09\/YDRAY-IMG_20241013_090538-scaled.jpg?w=1920&amp;ssl=1 1920w\" sizes=\"auto, (max-width: 640px) 100vw, 640px\" \/><\/figure>\n<\/div>\n<\/div>\n\n\n\n<figure class=\"wp-block-image size-large is-resized is-style-rounded\"><img data-recalc-dims=\"1\" loading=\"lazy\" decoding=\"async\" width=\"640\" height=\"289\" src=\"https:\/\/i0.wp.com\/www.lafraguabruta.com\/wp-content\/uploads\/2024\/09\/YDRAY-IMG_20241012_102702.jpg?resize=640%2C289&#038;ssl=1\" alt=\"\" class=\"wp-image-2433\" style=\"width:319px;height:auto\" srcset=\"https:\/\/i0.wp.com\/www.lafraguabruta.com\/wp-content\/uploads\/2024\/09\/YDRAY-IMG_20241012_102702-scaled.jpg?resize=1024%2C462&amp;ssl=1 1024w, https:\/\/i0.wp.com\/www.lafraguabruta.com\/wp-content\/uploads\/2024\/09\/YDRAY-IMG_20241012_102702-scaled.jpg?resize=300%2C135&amp;ssl=1 300w, https:\/\/i0.wp.com\/www.lafraguabruta.com\/wp-content\/uploads\/2024\/09\/YDRAY-IMG_20241012_102702-scaled.jpg?resize=768%2C346&amp;ssl=1 768w, https:\/\/i0.wp.com\/www.lafraguabruta.com\/wp-content\/uploads\/2024\/09\/YDRAY-IMG_20241012_102702-scaled.jpg?resize=1536%2C693&amp;ssl=1 1536w, https:\/\/i0.wp.com\/www.lafraguabruta.com\/wp-content\/uploads\/2024\/09\/YDRAY-IMG_20241012_102702-scaled.jpg?resize=2048%2C924&amp;ssl=1 2048w, https:\/\/i0.wp.com\/www.lafraguabruta.com\/wp-content\/uploads\/2024\/09\/YDRAY-IMG_20241012_102702-scaled.jpg?resize=600%2C271&amp;ssl=1 600w, https:\/\/i0.wp.com\/www.lafraguabruta.com\/wp-content\/uploads\/2024\/09\/YDRAY-IMG_20241012_102702-scaled.jpg?w=1280&amp;ssl=1 1280w, https:\/\/i0.wp.com\/www.lafraguabruta.com\/wp-content\/uploads\/2024\/09\/YDRAY-IMG_20241012_102702-scaled.jpg?w=1920&amp;ssl=1 1920w\" sizes=\"auto, (max-width: 640px) 100vw, 640px\" \/><\/figure>\n\n\n\n<p><\/p>\n\n\n\n<p id=\"block-21a333cd-1ac7-4551-9199-5d0050b8eb17\"><strong>LOG\u00cdSTICA<\/strong><\/p>\n\n\n\n<pre id=\"block-ba00a4ab-9dba-4c11-a5f3-4bc8b13cba71\" class=\"wp-block-preformatted\" style=\"font-size:13px;font-style:normal;font-weight:300\">Compartimos viaje en coche siempre que se pueda y coincidan las rutas. <br>La comida ser\u00e1 vegetariana y se considerar\u00e1n alergias e intolerancias.<br>Cocinamos y mantenemos limpias las \u00e1reas comunes juntas\/os.<br>Hay habitaciones simples, dobles, triples, con o sin ba\u00f1o individual o compartido. <br>Hay calefacci\u00f3n en toda la casa y chimenea. <br>Una vez estemos all\u00ed nos acomodamos en una suerte de azar democr\u00e1tico. <br>Entre todas y todos nos lo ponemos f\u00e1cil.<br>No es un hotel de cinco estrellas ni nosotras las amas de llaves de la Casa Real.<\/pre>\n\n\n\n<p id=\"block-5a4c6816-7bea-4863-9982-b2ba012c6e16\"><strong>FECHAS,<\/strong> <strong>HORARIOS Y PRECIOS<\/strong><\/p>\n\n\n\n<p id=\"block-ce47da69-dca9-4811-9d3e-25c15d8dbdc3\" style=\"font-size:14px;font-style:normal;font-weight:300\">Del 2 al 6 de diciembre de 2026.<br>280 \u20ac antes del 8 de diciembre.<br>340 \u20ac si no se aplica descuento.<br>*Pol\u00edtica de bolsillos apretados. Preg\u00fantanos.<br>Incluye acompa\u00f1amiento de proyecto con una o dos tutor\u00edas personales, estancia, alojamiento, pensi\u00f3n completa, algunas <em>chuches<\/em> para los entretiempos (chocolate, caf\u00e9, infusiones, fruta, vino, frutos secos) y presentes como presentes.<\/p>\n\n\n\n<p id=\"block-e50f0f14-b86a-4c67-b3f3-318af5c34c65\"><strong>INSCRIPCIONES<\/strong><\/p>\n\n\n\n<p id=\"block-757f6234-f094-4b2b-8c22-9afaffa04b8d\" style=\"font-size:14px;font-style:normal;font-weight:300\">La inscripci\u00f3n se realizar\u00e1 mediante el env\u00edo de un correo electr\u00f3nico a <a href=\"mailto: lafragua@lafraguabruta.com\">La Fragua Bruta<\/a> especificando la actividad a la cual se quiere asistir. El pago se realizar\u00e1 mediante transferencia bancaria indicando como concepto <strong>RESIDENCIA<\/strong>. Una vez recibamos el justificante de ingreso, os reservamos la plaza para el encuentro respondiendo a vuestra inscripci\u00f3n con un correo de confirmaci\u00f3n.<\/p>\n\n\n\n<div class=\"wpcf7 no-js\" id=\"wpcf7-f2360-o1\" lang=\"es-ES\" dir=\"ltr\" data-wpcf7-id=\"2360\">\n<div class=\"screen-reader-response\"><p role=\"status\" aria-live=\"polite\" aria-atomic=\"true\"><\/p> <ul><\/ul><\/div>\n<form action=\"\/index.php\/wp-json\/wp\/v2\/posts\/2764#wpcf7-f2360-o1\" method=\"post\" class=\"wpcf7-form init\" aria-label=\"Formulario de contacto\" novalidate=\"novalidate\" data-status=\"init\">\n<fieldset class=\"hidden-fields-container\"><input type=\"hidden\" name=\"_wpcf7\" value=\"2360\" \/><input type=\"hidden\" name=\"_wpcf7_version\" value=\"6.1.5\" \/><input type=\"hidden\" name=\"_wpcf7_locale\" value=\"es_ES\" \/><input type=\"hidden\" name=\"_wpcf7_unit_tag\" value=\"wpcf7-f2360-o1\" \/><input type=\"hidden\" name=\"_wpcf7_container_post\" value=\"0\" \/><input type=\"hidden\" name=\"_wpcf7_posted_data_hash\" value=\"\" \/>\n<\/fieldset>\n<p><label> \u00bfc\u00f3mo te llaman? \/ nombre:<br \/>\n<span class=\"wpcf7-form-control-wrap\" data-name=\"your-name\"><input size=\"40\" maxlength=\"400\" class=\"wpcf7-form-control wpcf7-text wpcf7-validates-as-required\" autocomplete=\"name\" aria-required=\"true\" aria-invalid=\"false\" value=\"\" type=\"text\" name=\"your-name\" \/><\/span> <\/label>\n<\/p>\n<p><label> \u00bfcu\u00e1l es tu correo electr\u00f3nico? \/ e-mail:<br \/>\n<span class=\"wpcf7-form-control-wrap\" data-name=\"your-email\"><input size=\"40\" maxlength=\"400\" class=\"wpcf7-form-control wpcf7-email wpcf7-validates-as-required wpcf7-text wpcf7-validates-as-email\" autocomplete=\"email\" aria-required=\"true\" aria-invalid=\"false\" value=\"\" type=\"email\" name=\"your-email\" \/><\/span> <\/label>\n<\/p>\n<p><label> \u00bfde qu\u00e9 se trata? \/ asunto:<br \/>\n<span class=\"wpcf7-form-control-wrap\" data-name=\"your-subject\"><input size=\"40\" maxlength=\"400\" class=\"wpcf7-form-control wpcf7-text wpcf7-validates-as-required\" aria-required=\"true\" aria-invalid=\"false\" value=\"\" type=\"text\" name=\"your-subject\" \/><\/span> <\/label>\n<\/p>\n<p><label> \u00a1cu\u00e9ntanos! \/ mensaje:<br \/>\n<span class=\"wpcf7-form-control-wrap\" data-name=\"your-message\"><textarea cols=\"40\" rows=\"10\" maxlength=\"2000\" class=\"wpcf7-form-control wpcf7-textarea\" aria-invalid=\"false\" name=\"your-message\"><\/textarea><\/span> <\/label>\n<\/p>\n<p><input class=\"wpcf7-form-control wpcf7-submit has-spinner\" type=\"submit\" value=\"enviar\" \/>\n<\/p><p style=\"display: none !important;\" class=\"akismet-fields-container\" data-prefix=\"_wpcf7_ak_\"><label>&#916;<textarea name=\"_wpcf7_ak_hp_textarea\" cols=\"45\" rows=\"8\" maxlength=\"100\"><\/textarea><\/label><input type=\"hidden\" id=\"ak_js_1\" name=\"_wpcf7_ak_js\" value=\"67\"\/><script type=\"text\/javascript\">\n\/* <![CDATA[ *\/\ndocument.getElementById( \"ak_js_1\" ).setAttribute( \"value\", ( new Date() ).getTime() );\n\/* ]]> *\/\n<\/script>\n<\/p><div class=\"wpcf7-response-output\" aria-hidden=\"true\"><\/div>\n<\/form>\n<\/div>\n\n\n\n\n<p id=\"block-43d33ff3-3045-4f58-84cf-0f79359c8631\"><strong>A CARGO DE<\/strong><\/p>\n\n\n<div class=\"wp-block-image is-style-rounded\">\n<figure class=\"aligncenter size-full is-resized\" id=\"block-7ac2b520-d889-40f7-adc3-f1a5dd2ca0db\"><img data-recalc-dims=\"1\" loading=\"lazy\" decoding=\"async\" width=\"572\" height=\"572\" src=\"https:\/\/i0.wp.com\/www.lafraguabruta.com\/wp-content\/uploads\/2025\/11\/Caceres_0026.jpg?resize=572%2C572&#038;ssl=1\" alt=\"\" class=\"wp-image-2811\" style=\"width:149px;height:auto\" srcset=\"https:\/\/i0.wp.com\/www.lafraguabruta.com\/wp-content\/uploads\/2025\/11\/Caceres_0026.jpg?w=572&amp;ssl=1 572w, https:\/\/i0.wp.com\/www.lafraguabruta.com\/wp-content\/uploads\/2025\/11\/Caceres_0026.jpg?resize=300%2C300&amp;ssl=1 300w, https:\/\/i0.wp.com\/www.lafraguabruta.com\/wp-content\/uploads\/2025\/11\/Caceres_0026.jpg?resize=150%2C150&amp;ssl=1 150w\" sizes=\"auto, (max-width: 572px) 100vw, 572px\" \/><figcaption class=\"wp-element-caption\"><sub>Elena Arroyo<\/sub><\/figcaption><\/figure>\n<\/div>\n\n\n<p><strong>ENCUENTROS QUE YA FUERON<\/strong>:<\/p>\n\n\n\n<iframe loading=\"lazy\" src=\"https:\/\/player.vimeo.com\/video\/1118999496?badge=0&amp;autopause=0&amp;player_id=0&amp;app_id=58479&amp;autoplay=1&amp;muted=1&amp;loop=1\" width=\"237\" height=\"420\" frameborder=\"0\" allow=\"autoplay; fullscreen; picture-in-picture; clipboard-write; encrypted-media; web-share\" referrerpolicy=\"strict-origin-when-cross-origin\" title=\"Encuentro_02\"><\/iframe>\n\n\n\n<iframe loading=\"lazy\" src=\"https:\/\/player.vimeo.com\/video\/1118999423?badge=0&amp;autopause=0&amp;player_id=0&amp;app_id=58479&amp;autoplay=1&amp;muted=1&amp;loop=1\" width=\"237\" height=\"420\" frameborder=\"0\" allow=\"autoplay; fullscreen; picture-in-picture; clipboard-write; encrypted-media; web-share\" referrerpolicy=\"strict-origin-when-cross-origin\" title=\"Encuentros_01\"><\/iframe>\n\n\n\n<iframe loading=\"lazy\" src=\"https:\/\/player.vimeo.com\/video\/1153002415?badge=0&amp;autopause=0&amp;player_id=0&amp;app_id=58479&amp;autoplay=1&amp;muted=1&amp;loop=1\" width=\"237\" height=\"420\" frameborder=\"0\" allow=\"autoplay; fullscreen; picture-in-picture; clipboard-write; encrypted-media; web-share\" referrerpolicy=\"strict-origin-when-cross-origin\" title=\"Encuentro_02\"><\/iframe>\n","protected":false},"excerpt":{"rendered":"<p>Micro-retiro de arte y cine. 2-6 de enero de 2026. Acompa\u00f1amiento de proyectos, cocreaci\u00f3n, cine, escritura, meditaci\u00f3n, lectura, no hacer nada de nada, recoger flores o contemplar las vacas para regalarnos mimo, atenci\u00f3n y amor.<\/p>\n","protected":false},"author":1,"featured_media":2766,"comment_status":"closed","ping_status":"open","sticky":false,"template":"","format":"standard","meta":{"footnotes":""},"categories":[421],"tags":[204,28,137,229,27,207,305,363,318,35,126,164,34,33,38,36,72,48,365,208,367,320,268,79,205,321,148,269,122,203,202,45,178,314,210,257,316,313,206,254,369,310,253,271,270,237,256,50,185,312,311,261,309,262,364,54,248,183,319,231,211,307,370,308,368,209,306,276,163,145,265,366,264],"class_list":["post-2764","post","type-post","status-publish","format-standard","has-post-thumbnail","hentry","category-actividades-pasadas","tag-acompanamiento-de-proyectos-creativos","tag-arte","tag-arte-contemporaneo","tag-arte-terapia","tag-artes-visuales","tag-asesoria-de-proyecto","tag-cabo-de-gata","tag-caceres","tag-campo","tag-cine-de-autor","tag-cine-de-mujeres","tag-cine-de-no-ficcion","tag-cine-documental","tag-cine-ensayo","tag-cine-expandido","tag-cine-independiente","tag-cine-no-narrativo","tag-cine-poesia","tag-clinica-de-arte-y-cine","tag-coach-de-arte","tag-cocreacion","tag-compartir","tag-conocete-a-ti-mismo","tag-creacion","tag-creacion-de-cine","tag-creacion-grupal","tag-creatividad","tag-critica-cultural","tag-cuerpo-somatico","tag-curso-guion","tag-curso-narrativa-cine","tag-cursos-de-cine","tag-danza","tag-danza-teatro-improvisacion","tag-editor-doctor","tag-encuentros","tag-escapada-de-semana-santa","tag-escenicas","tag-escritura-de-guion","tag-escuela-de-cine","tag-finca","tag-formacion-artistica","tag-formacion-de-cine","tag-hacer-encarnado","tag-hacer-haciendo","tag-improvisacion","tag-juego","tag-jugar","tag-laboratorio-de-arte","tag-laboratorio-de-cine","tag-marginalidades-artisticas","tag-marina-garces","tag-micro-residencia","tag-mundo-comun","tag-noche-reyes","tag-paseo","tag-pensamiento-situado","tag-performance","tag-playa","tag-proceso-creativo","tag-proyect-doctor","tag-residencia-artistica","tag-residencia-de-arte","tag-retiro-de-arte","tag-rural","tag-script-doctor","tag-semana-santa","tag-talleres","tag-talleres-de-cine","tag-teatro","tag-utilidad-de-lo-inutil","tag-vacaciones-navidad","tag-vision-periferica"],"_links":{"self":[{"href":"https:\/\/www.lafraguabruta.com\/index.php\/wp-json\/wp\/v2\/posts\/2764","targetHints":{"allow":["GET"]}}],"collection":[{"href":"https:\/\/www.lafraguabruta.com\/index.php\/wp-json\/wp\/v2\/posts"}],"about":[{"href":"https:\/\/www.lafraguabruta.com\/index.php\/wp-json\/wp\/v2\/types\/post"}],"author":[{"embeddable":true,"href":"https:\/\/www.lafraguabruta.com\/index.php\/wp-json\/wp\/v2\/users\/1"}],"replies":[{"embeddable":true,"href":"https:\/\/www.lafraguabruta.com\/index.php\/wp-json\/wp\/v2\/comments?post=2764"}],"version-history":[{"count":21,"href":"https:\/\/www.lafraguabruta.com\/index.php\/wp-json\/wp\/v2\/posts\/2764\/revisions"}],"predecessor-version":[{"id":2896,"href":"https:\/\/www.lafraguabruta.com\/index.php\/wp-json\/wp\/v2\/posts\/2764\/revisions\/2896"}],"wp:featuredmedia":[{"embeddable":true,"href":"https:\/\/www.lafraguabruta.com\/index.php\/wp-json\/wp\/v2\/media\/2766"}],"wp:attachment":[{"href":"https:\/\/www.lafraguabruta.com\/index.php\/wp-json\/wp\/v2\/media?parent=2764"}],"wp:term":[{"taxonomy":"category","embeddable":true,"href":"https:\/\/www.lafraguabruta.com\/index.php\/wp-json\/wp\/v2\/categories?post=2764"},{"taxonomy":"post_tag","embeddable":true,"href":"https:\/\/www.lafraguabruta.com\/index.php\/wp-json\/wp\/v2\/tags?post=2764"}],"curies":[{"name":"wp","href":"https:\/\/api.w.org\/{rel}","templated":true}]}}