{"id":2717,"date":"2025-10-08T11:14:52","date_gmt":"2025-10-08T11:14:52","guid":{"rendered":"https:\/\/www.lafraguabruta.com\/?p=2717"},"modified":"2026-04-22T12:15:27","modified_gmt":"2026-04-22T12:15:27","slug":"cine-en-bruto-expres","status":"publish","type":"post","link":"https:\/\/www.lafraguabruta.com\/index.php\/2025\/10\/08\/cine-en-bruto-expres\/","title":{"rendered":"CINE EN BRUTO EXPR\u00c9S"},"content":{"rendered":"\n<h1 class=\"wp-block-heading\" id=\"block-a9e4eaec-60fc-4dfd-a128-6a89e88ad04b\"><\/h1>\n\n\n\n<p id=\"block-df7a628b-9b02-4fff-a973-f6bec5a93198\"><strong>NARRATIVAS EN EL CINE DE NO-FICCI\u00d3N. MARTES 19h. &#8211; 22h<\/strong>. <strong>EXPR\u00c9S 2026<\/strong><\/p>\n\n\n\n<p class=\"has-small-font-size\" id=\"block-ce100120-3bb4-41ca-b9c7-8c815152dbe7\" style=\"font-style:normal;font-weight:300\">Hacer cine es responder con las manos en la materia a la pregunta: \u00bfqu\u00e9 miro, desde d\u00f3nde lo miro y por cu\u00e1nto tiempo lo miro? La respuesta llega en modo de imagen y sonido, en forma de composici\u00f3n audiovisual. Esa respuesta, a la cual podemos llamar \u00abpel\u00edcula\u00bb o \u00abpieza\u00bb o \u00abv\u00eddeo\u00bb, da cuenta de un modo de estar. El cine es por tanto el reflejo de la manera concreta en que cada cual comprende el espacio y el tiempo, es decir, en \u00e9l se refleja la forma de pensar personal de quien lo hace. Solo que a veces lo personal es de una convenci\u00f3n alarmante. Para salir de la convenci\u00f3n en Cine en Bruto se\u00f1alamos una y otra vez cu\u00e1ndo la realizaci\u00f3n de im\u00e1genes responde a un imaginario convencional y cu\u00e1ndo aparecen destellos de un imaginario que se est\u00e1 abriendo a algo nuevo. Lo hacemos pregunt\u00e1ndole a las mismas im\u00e1genes, no lo hacemos opinando, ni enjuiciando, ni proponiendo lo que a otros pudo un d\u00eda haber \u00abfuncionado\u00bb. Compartimos infinidad de referencias audiovisuales, textos po\u00e9ticos y filos\u00f3ficos y reflexiones vitales que pueden ayudar a salir de los l\u00edmites de uno mismo; proponemos pr\u00e1cticas y juegos para pensar haciendo. Acompa\u00f1amos\u2026 Este a\u00f1o proponemos un curso expr\u00e9s, semestral, de enero a junio, los martes de 19h a 22h, on-line. Si algo de lo que decimos te resuena, escr\u00edbenos.<\/p>\n\n\n\n<p id=\"block-1a956ba5-3c9a-4681-adeb-f58e1392f581\"><strong>EN LA EMULSI\u00d3N<\/strong> <\/p>\n\n\n\n<p class=\"has-small-font-size\" id=\"block-6f506a0b-7c8a-467a-b762-b4c34ba70401\" style=\"font-style:normal;font-weight:300\">\u00b7 Crear un espacio de encuentro para, a trav\u00e9s del cine, ir m\u00e1s all\u00e1 de nosotros\/as. <br>\u00b7 Entrenar herramientas de lectura (an\u00e1lisis cr\u00edtico) y escritura (realizaci\u00f3n) con im\u00e1genes y sonidos.<br>\u00b7 Ampliar el mapa de referencias cl\u00e1sicas y contempor\u00e1neas de cine, arte, literatura y lo que se tercie..<br>\u00b7 Transitar por la experiencia de realizar un pu\u00f1ado de piezas audiovisuales.<br>\u00b7 Ejercitar una mirada abierta, cr\u00edtica, sensible, desprejuiciada y libre.<\/p>\n\n\n\n<p id=\"block-1a956ba5-3c9a-4681-adeb-f58e1392f581\"><strong>EN EL ACETATO<\/strong><\/p>\n\n\n\n<p class=\"has-small-font-size\" id=\"block-6f506a0b-7c8a-467a-b762-b4c34ba70401\" style=\"font-style:normal;font-weight:300\">\u00b7 Conocernos un poco m\u00e1s a nosotros mismos. <br>\u00b7 Cuestionarse maneras de estar y de pensar.<br>\u00b7 Aprender a mirar lo otro como camino para salir de uno.<br>\u00b7 Sacudirse los miedos, las impotencias, las verg\u00fcenzas y hacer algo con lo que hay as\u00ed sea nada.<br>\u00b7 Liberarnos de esfuerzo que \u00abyo\u00bb soy.<\/p>\n\n\n\n<p id=\"block-6b681397-f52d-4e66-9a9a-bd43c732b5ee\"><strong>EN LA EXPOSICI\u00d3N<\/strong><\/p>\n\n\n\n<p class=\"has-small-font-size\" id=\"block-a1e5874f-8021-4bc6-99a4-5385f0dee308\" style=\"font-style:normal;font-weight:300\">Preguntar y hacer. Hacer como pregunta y responder haciendo. Conversar. Mirar. Estar. Practicar y jugar (to play, not to game).<\/p>\n\n\n\n<p id=\"block-f5deec98-046f-41a8-9513-45511b4439c0\"><strong>EN LA SALA<\/strong><\/p>\n\n\n\n<p class=\"has-small-font-size\" id=\"block-6384e0e0-b2d1-4de5-81d6-3f5561429b7e\" style=\"font-style:normal;font-weight:300\">A quienes sientan que todo esto les hace til\u00edn.<\/p>\n\n\n\n<p id=\"block-7a28c405-56a0-4f5c-8b52-3b57ad5d82d6\"><strong>A LA C\u00c1MARA<\/strong><\/p>\n\n\n\n<p class=\"has-small-font-size\" id=\"block-e730d61a-19b4-4e2b-94ea-5b4d3cd231cc\" style=\"font-style:normal;font-weight:300\">Te acompa\u00f1ar\u00e1 <a href=\"https:\/\/www.lafraguabruta.com\/index.php\/las-fraguantes\/\">Elena Arroyo<\/a> y ocasionalmente un pu\u00f1ado de invitados. No sabemos a\u00fan quienes pero entre los habituales se encuentran: Javier Rebollo, Oskar Alegr\u00eda, Irene Guti\u00e9rrez, Manolo Mu\u00f1oz, Nicolas Tsabertidis, Helena Gir\u00f3n, Samuel Delgado, Irene Borrego y otros compa\u00f1eros y compa\u00f1eras de viaje.<\/p>\n\n\n\n<p id=\"block-73148e02-b177-46cb-acf0-677ff7cf8175\"><strong>EL DESGLOSE<\/strong><\/p>\n\n\n\n<p class=\"has-small-font-size\" id=\"block-21343a82-60d4-4ead-b5a4-ef5113805da5\" style=\"font-style:normal;font-weight:300\">\u00b7 Del 13 de enero de 2026 al 02 de junio 2026.<br>\u00b7 3 horas semanales (16 horas lectivas).<br>\u00b7 Horario on-line: martes de 19h. a 22h.<br>\u00b7 Opci\u00f3n de \u00fanico pago: 675\u20ac.<br>\u00b7 Opci\u00f3n de pago fraccionado: 375\u20ac.<br>\u00b7 Descuento del 10% socios <a href=\"https:\/\/docma.es\/\">DOCMA<\/a> y <a href=\"https:\/\/uniondecineastas.es\/\">UNI\u00d3N DE CINEASTAS<\/a>.<br>\u00b7 Descuento del 10% (no acumulable) por pronta reserva (hasta el 15 de noviembre de 2025).<\/p>\n\n\n\n<p id=\"block-877edb8d-cbc1-41d4-852e-f22bf2b15839\"><strong>EL HILO ARGUMENTAL<\/strong><\/p>\n\n\n\n<ul id=\"block-86a64e75-852b-4c44-9332-351358e12d5b\" class=\"wp-block-list\">\n<li class=\"has-small-font-size\">\u00bfQu\u00e9 es el acto de creaci\u00f3n?<\/li>\n\n\n\n<li class=\"has-small-font-size\">El tiempo: construcci\u00f3n, delirio, pausa, suspense. \u00bfCu\u00e1nto tiempo ha pasado?<\/li>\n\n\n\n<li class=\"has-small-font-size\">El espacio. La disoluci\u00f3n de la mirada. \u00abSi yo no est\u00e1 eso se aparece\u00bb<\/li>\n\n\n\n<li class=\"has-small-font-size\">La materia no entiende de tramas. Las tramas son la red donde prende la materia.<\/li>\n\n\n\n<li class=\"has-small-font-size\">El punto de vista. \u00bfC\u00f3mo miro lo que miro? \u00bfC\u00f3mo se sabe qu\u00e9 pienso por c\u00f3mo miro?<\/li>\n\n\n\n<li class=\"has-small-font-size\">Infralevedad vs hipertextualidad: dos caminos no excluyentes.<\/li>\n\n\n\n<li class=\"has-small-font-size\">Phonosfera y musicalidad visual. El sonido como punto de partida. \u00bfA qu\u00e9 suena lo que suena?<\/li>\n\n\n\n<li class=\"has-small-font-size\">Construyendo silencios, burbujas de atenci\u00f3n. La intensidad no tiene que ver con gritar.<\/li>\n\n\n\n<li class=\"has-small-font-size\">Pensar la imagen. La pel\u00edcula como cuerpo, el montaje como vida.<\/li>\n\n\n\n<li class=\"has-small-font-size\">La materializaci\u00f3n de la palabra: el decir frente a lo dicho.<\/li>\n\n\n\n<li class=\"has-small-font-size\">Terminantemente prohibida la entrevista. \u2013\u00a1Oye! que te estoy escuchando.<\/li>\n\n\n\n<li class=\"has-small-font-size\">El archivo. Organizar y catalogar a lo Borges. Trabajar con las im\u00e1genes de otro.<\/li>\n\n\n\n<li class=\"has-small-font-size\">El cine-ensayo. Cine reflexivo alrededor de la imagen.<\/li>\n\n\n\n<li class=\"has-small-font-size\">Hacer, hacer, hacer: por un arte con magia.<\/li>\n<\/ul>\n\n\n\n<p class=\"has-small-font-size\" id=\"block-87bd406e-5b5a-44a0-b3d0-9029ddc9762a\">*<strong>Nota<\/strong>: la vida sigue su propio programa de modo que alguna alteraci\u00f3n en la hoja de ruta podr\u00eda darse y sorprendernos tambi\u00e9n a lo grande.<\/p>\n\n\n\n<p id=\"block-99563258-ce73-4e4a-8892-f29a3094a49a\"><strong>INSCRIPCIONES<\/strong><\/p>\n\n\n\n<p class=\"has-small-font-size\" id=\"block-a852c97d-0f01-4516-843e-718dfba6fa8a\" style=\"font-style:normal;font-weight:200\">La inscripci\u00f3n se realizar\u00e1 mediante el env\u00edo de un correo electr\u00f3nico a <a href=\"mailto: lafragua@lafraguabruta.com\">La Fragua Bruta<\/a>. El pago puede efectuarse trimestral o anualmente. El pago se realizar\u00e1 mediante transferencia bancaria indicando como concepto <strong>CINE EN BRUTO<\/strong>. Una vez recibamos el justificante de ingreso, os reservamos la plaza para el encuentro respondiendo a vuestra inscripci\u00f3n con un correo de confirmaci\u00f3n.<\/p>\n\n\n\n<div class=\"wpcf7 no-js\" id=\"wpcf7-f2360-o1\" lang=\"es-ES\" dir=\"ltr\" data-wpcf7-id=\"2360\">\n<div class=\"screen-reader-response\"><p role=\"status\" aria-live=\"polite\" aria-atomic=\"true\"><\/p> <ul><\/ul><\/div>\n<form action=\"\/index.php\/wp-json\/wp\/v2\/posts\/2717#wpcf7-f2360-o1\" method=\"post\" class=\"wpcf7-form init\" aria-label=\"Formulario de contacto\" novalidate=\"novalidate\" data-status=\"init\">\n<fieldset class=\"hidden-fields-container\"><input type=\"hidden\" name=\"_wpcf7\" value=\"2360\" \/><input type=\"hidden\" name=\"_wpcf7_version\" value=\"6.1.5\" \/><input type=\"hidden\" name=\"_wpcf7_locale\" value=\"es_ES\" \/><input type=\"hidden\" name=\"_wpcf7_unit_tag\" value=\"wpcf7-f2360-o1\" \/><input type=\"hidden\" name=\"_wpcf7_container_post\" value=\"0\" \/><input type=\"hidden\" name=\"_wpcf7_posted_data_hash\" value=\"\" \/>\n<\/fieldset>\n<p><label> \u00bfc\u00f3mo te llaman? \/ nombre:<br \/>\n<span class=\"wpcf7-form-control-wrap\" data-name=\"your-name\"><input size=\"40\" maxlength=\"400\" class=\"wpcf7-form-control wpcf7-text wpcf7-validates-as-required\" autocomplete=\"name\" aria-required=\"true\" aria-invalid=\"false\" value=\"\" type=\"text\" name=\"your-name\" \/><\/span> <\/label>\n<\/p>\n<p><label> \u00bfcu\u00e1l es tu correo electr\u00f3nico? \/ e-mail:<br \/>\n<span class=\"wpcf7-form-control-wrap\" data-name=\"your-email\"><input size=\"40\" maxlength=\"400\" class=\"wpcf7-form-control wpcf7-email wpcf7-validates-as-required wpcf7-text wpcf7-validates-as-email\" autocomplete=\"email\" aria-required=\"true\" aria-invalid=\"false\" value=\"\" type=\"email\" name=\"your-email\" \/><\/span> <\/label>\n<\/p>\n<p><label> \u00bfde qu\u00e9 se trata? \/ asunto:<br \/>\n<span class=\"wpcf7-form-control-wrap\" data-name=\"your-subject\"><input size=\"40\" maxlength=\"400\" class=\"wpcf7-form-control wpcf7-text wpcf7-validates-as-required\" aria-required=\"true\" aria-invalid=\"false\" value=\"\" type=\"text\" name=\"your-subject\" \/><\/span> <\/label>\n<\/p>\n<p><label> \u00a1cu\u00e9ntanos! \/ mensaje:<br \/>\n<span class=\"wpcf7-form-control-wrap\" data-name=\"your-message\"><textarea cols=\"40\" rows=\"10\" maxlength=\"2000\" class=\"wpcf7-form-control wpcf7-textarea\" aria-invalid=\"false\" name=\"your-message\"><\/textarea><\/span> <\/label>\n<\/p>\n<p><input class=\"wpcf7-form-control wpcf7-submit has-spinner\" type=\"submit\" value=\"enviar\" \/>\n<\/p><p style=\"display: none !important;\" class=\"akismet-fields-container\" data-prefix=\"_wpcf7_ak_\"><label>&#916;<textarea name=\"_wpcf7_ak_hp_textarea\" cols=\"45\" rows=\"8\" maxlength=\"100\"><\/textarea><\/label><input type=\"hidden\" id=\"ak_js_1\" name=\"_wpcf7_ak_js\" value=\"31\"\/><script type=\"text\/javascript\">\n\/* <![CDATA[ *\/\ndocument.getElementById( \"ak_js_1\" ).setAttribute( \"value\", ( new Date() ).getTime() );\n\/* ]]> *\/\n<\/script>\n<\/p><div class=\"wpcf7-response-output\" aria-hidden=\"true\"><\/div>\n<\/form>\n<\/div>\n\n","protected":false},"excerpt":{"rendered":"<p>Para salir de la convenci\u00f3n en Cine en Bruto se\u00f1alamos una y otra vez cu\u00e1ndo la realizaci\u00f3n de im\u00e1genes responde a un imaginario convencional y cu\u00e1ndo aparecen destellos de un imaginario que se est\u00e1 abriendo a algo nuevo. Un curso semestral, de enero a junio, los martes de 19h a 22h, on-line.<\/p>\n","protected":false},"author":1,"featured_media":2726,"comment_status":"closed","ping_status":"open","sticky":false,"template":"","format":"standard","meta":{"footnotes":""},"categories":[421],"tags":[204,137,27,207,357,23,35,126,164,34,33,38,36,72,48,362,208,359,205,148,165,203,202,45,210,206,254,361,253,360,358,267,211,209,163],"class_list":["post-2717","post","type-post","status-publish","format-standard","has-post-thumbnail","hentry","category-actividades-pasadas","tag-acompanamiento-de-proyectos-creativos","tag-arte-contemporaneo","tag-artes-visuales","tag-asesoria-de-proyecto","tag-audiovisual","tag-cine","tag-cine-de-autor","tag-cine-de-mujeres","tag-cine-de-no-ficcion","tag-cine-documental","tag-cine-ensayo","tag-cine-expandido","tag-cine-independiente","tag-cine-no-narrativo","tag-cine-poesia","tag-cinema","tag-coach-de-arte","tag-cortometrajes","tag-creacion-de-cine","tag-creatividad","tag-curso-de-cine-madrid","tag-curso-guion","tag-curso-narrativa-cine","tag-cursos-de-cine","tag-editor-doctor","tag-escritura-de-guion","tag-escuela-de-cine","tag-film","tag-formacion-de-cine","tag-largometrajes","tag-narrativa","tag-procesos-creativos","tag-proyect-doctor","tag-script-doctor","tag-talleres-de-cine"],"_links":{"self":[{"href":"https:\/\/www.lafraguabruta.com\/index.php\/wp-json\/wp\/v2\/posts\/2717","targetHints":{"allow":["GET"]}}],"collection":[{"href":"https:\/\/www.lafraguabruta.com\/index.php\/wp-json\/wp\/v2\/posts"}],"about":[{"href":"https:\/\/www.lafraguabruta.com\/index.php\/wp-json\/wp\/v2\/types\/post"}],"author":[{"embeddable":true,"href":"https:\/\/www.lafraguabruta.com\/index.php\/wp-json\/wp\/v2\/users\/1"}],"replies":[{"embeddable":true,"href":"https:\/\/www.lafraguabruta.com\/index.php\/wp-json\/wp\/v2\/comments?post=2717"}],"version-history":[{"count":6,"href":"https:\/\/www.lafraguabruta.com\/index.php\/wp-json\/wp\/v2\/posts\/2717\/revisions"}],"predecessor-version":[{"id":2751,"href":"https:\/\/www.lafraguabruta.com\/index.php\/wp-json\/wp\/v2\/posts\/2717\/revisions\/2751"}],"wp:featuredmedia":[{"embeddable":true,"href":"https:\/\/www.lafraguabruta.com\/index.php\/wp-json\/wp\/v2\/media\/2726"}],"wp:attachment":[{"href":"https:\/\/www.lafraguabruta.com\/index.php\/wp-json\/wp\/v2\/media?parent=2717"}],"wp:term":[{"taxonomy":"category","embeddable":true,"href":"https:\/\/www.lafraguabruta.com\/index.php\/wp-json\/wp\/v2\/categories?post=2717"},{"taxonomy":"post_tag","embeddable":true,"href":"https:\/\/www.lafraguabruta.com\/index.php\/wp-json\/wp\/v2\/tags?post=2717"}],"curies":[{"name":"wp","href":"https:\/\/api.w.org\/{rel}","templated":true}]}}