{"id":1225,"date":"2021-07-27T10:33:56","date_gmt":"2021-07-27T10:33:56","guid":{"rendered":"https:\/\/www.lafraguabruta.com\/?p=1225"},"modified":"2021-10-12T16:17:55","modified_gmt":"2021-10-12T16:17:55","slug":"bruto-on-cineclub-septiembre","status":"publish","type":"post","link":"https:\/\/www.lafraguabruta.com\/index.php\/2021\/07\/27\/bruto-on-cineclub-septiembre\/","title":{"rendered":"BRUTO-ON-CINECLUB SEPTIEMBRE 21"},"content":{"rendered":"\n<h5 class=\"wp-block-heading\"><strong>CINE CLUB ON-LINE<\/strong> <strong>MES DE SEPTIEMBRE<\/strong><\/h5>\n\n\n\n<p>Retomamos nuestro querido espacio para analizar y conversar sobre \/ alrededor \/ a cuento de \/ y con el cine y las artes visuales. Para este nuevo alunizaje en la envoltura de las sombras fantasmag\u00f3ricas, os traemos perlas del abundante oc\u00e9ano actual y cl\u00e1sico. <\/p>\n\n\n\n<p><strong>PROGRAMA<\/strong> <strong>DE ABRIL<\/strong><\/p>\n\n\n\n<p>15 de septiembre: <strong>CINE \u2013 OJO. <\/strong>GEORGE FRANJU y SAMUEL BECKETT. Lo que miramos, lo que nos mira. Impactos del acto voyerista.<br>22 de septiembre: <strong>LA  IMAGEN VELADA.<\/strong> THOM ANDERSEN. La historia no dicha, escondida, oculta e inscrita en las im\u00e1genes construidas.<br>29 de septiembre: <strong><strong>CINE &#8211; CONF\u00cdN<\/strong>. <\/strong>YULENE OLAIZOLA. Encontrar la grieta de libertad en un cercado de l\u00edmites. El infinito en lo micro.<\/p>\n\n\n\n<p><strong>DIN\u00c1MICA<\/strong><\/p>\n\n\n\n<p>La sesi\u00f3n del Bruto On-Cineclub se celebrar\u00e1 en formato on-line mediante plataforma zoom. En la sesi\u00f3n nos centraremos en el an\u00e1lisis y comentario. En ning\u00fan caso se dedicar\u00e1 tiempo a ver las pel\u00edculas propuestas completas, todo lo m\u00e1s, aquellas secuencias o fragmentos que por su relevancia contribuyan al \u00f3ptimo desarrollo del encuentro. Preg\u00fantanos si tienes dudas sobre d\u00f3nde poder ver las propuestas.<\/p>\n\n\n\n<p>Las sesiones del Bruto On-Cineclub se grabar\u00e1n y se almacenar\u00e1n en un servidor privado para poder compartir el enlace exclusivamente a aquellos\/as participantes que, habiendo reservado su plaza, el d\u00eda de la sesi\u00f3n se vean impedidos a participar. <\/p>\n\n\n\n<p><strong>DESTINATARIOS<\/strong><\/p>\n\n\n\n<p>Toda persona que quiera aprender y\/o compartir ver cine.<\/p>\n\n\n\n<p><strong>HORARIOS Y PRECIOS<\/strong><\/p>\n\n\n\n<p><strong>Mi\u00e9rcoles <\/strong>15, 22 y 29 del mes de septiembre.<br>De 20h a 21:30h. en horario del meridiano Greenwich. <a href=\"https:\/\/www.zeitverschiebung.net\/es\/\">Ver conversor de horarios para otros pa\u00edses<\/a>.<br>De 6 a 12 plazas.<br>10\u20ac la sesi\u00f3n suelta.<br>30\u20ac el mes.<\/p>\n\n\n\n<p><strong>A CARGO DE<\/strong><\/p>\n\n\n\n<figure class=\"wp-block-image is-style-rounded\"><img data-recalc-dims=\"1\" loading=\"lazy\" decoding=\"async\" width=\"280\" height=\"280\" src=\"https:\/\/i0.wp.com\/www.lafraguabruta.com\/wp-content\/uploads\/2020\/06\/Lola-Mayo-Perfil-1.png?resize=280%2C280&#038;ssl=1\" alt=\"\" class=\"wp-image-34\" srcset=\"https:\/\/i0.wp.com\/www.lafraguabruta.com\/wp-content\/uploads\/2020\/06\/Lola-Mayo-Perfil-1.png?w=280&amp;ssl=1 280w, https:\/\/i0.wp.com\/www.lafraguabruta.com\/wp-content\/uploads\/2020\/06\/Lola-Mayo-Perfil-1.png?resize=150%2C150&amp;ssl=1 150w\" sizes=\"auto, (max-width: 280px) 100vw, 280px\" \/><figcaption><a href=\"https:\/\/www.lafraguabruta.com\/index.php\/las-brutas\/\">Lola Mayo<\/a><\/figcaption><\/figure>\n\n\n\n<figure class=\"wp-block-image is-style-rounded\"><img data-recalc-dims=\"1\" loading=\"lazy\" decoding=\"async\" width=\"280\" height=\"280\" src=\"https:\/\/i0.wp.com\/www.lafraguabruta.com\/wp-content\/uploads\/2020\/06\/E.Arroyo_Perfil.png?resize=280%2C280&#038;ssl=1\" alt=\"\" class=\"wp-image-30\" srcset=\"https:\/\/i0.wp.com\/www.lafraguabruta.com\/wp-content\/uploads\/2020\/06\/E.Arroyo_Perfil.png?w=280&amp;ssl=1 280w, https:\/\/i0.wp.com\/www.lafraguabruta.com\/wp-content\/uploads\/2020\/06\/E.Arroyo_Perfil.png?resize=150%2C150&amp;ssl=1 150w\" sizes=\"auto, (max-width: 280px) 100vw, 280px\" \/><figcaption><strong><a href=\"https:\/\/www.lafraguabruta.com\/index.php\/las-brutas\/\">Elena Arroyo<\/a><\/strong><\/figcaption><\/figure>\n\n\n\n<p>*En ocasiones, habr\u00e1 invitados especiales. Su asistencia se anunciar\u00e1 con suficiente antelaci\u00f3n.<\/p>\n\n\n\n<p><strong>INSCRIPCI\u00d3N<\/strong><\/p>\n\n\n\n<p>La inscripci\u00f3n se realizar\u00e1 mediante el env\u00edo de email a <a href=\"mailto: lafragua@lafraguabruta.com\">La Fragua Bruta<\/a> indicando la sesi\u00f3n o sesiones a las que se quiere asistir y los datos del\/a participante. El pago se realizar\u00e1 mediante transferencia bancaria indicando como concepto <strong>cineclub + la fecha del mes o la sesi\u00f3n<\/strong>. Una vez recibamos el justificante de ingreso, os reservamos la butaca para el encuentro respondiendo a vuestra inscripci\u00f3n con un correo de confirmaci\u00f3n.<\/p>\n","protected":false},"excerpt":{"rendered":"<p>Retomamos nuestro querido espacio para analizar y conversar sobre \/ alrededor \/ a cuento de \/ y con el cine y las artes visuales. Para este nuevo alunizaje en la envoltura de las sombras fantasmag\u00f3ricas, traemos perlas del abundante oc\u00e9ano actual y cl\u00e1sico. <\/p>\n","protected":false},"author":1,"featured_media":1257,"comment_status":"closed","ping_status":"open","sticky":false,"template":"","format":"standard","meta":{"footnotes":""},"categories":[3],"tags":[28,42,35,34,33,38,37,36,48,32,45,51,57,55,39,50,56,53,54,49,43,44,40,41,31,52],"class_list":["post-1225","post","type-post","status-publish","format-standard","has-post-thumbnail","hentry","category-cineclub","tag-arte","tag-arte-conceptual","tag-cine-de-autor","tag-cine-documental","tag-cine-ensayo","tag-cine-expandido","tag-cine-experimental","tag-cine-independiente","tag-cine-poesia","tag-cineclub","tag-cursos-de-cine","tag-danza-y-cine","tag-derivas","tag-estetica","tag-hablar-de-cine","tag-jugar","tag-mailart","tag-mindfullnes","tag-paseo","tag-playground","tag-procesos-de-creacion","tag-talleres-de-arte","tag-talleres-on-line","tag-vanguardias","tag-videoarte","tag-videodanza"],"_links":{"self":[{"href":"https:\/\/www.lafraguabruta.com\/index.php\/wp-json\/wp\/v2\/posts\/1225","targetHints":{"allow":["GET"]}}],"collection":[{"href":"https:\/\/www.lafraguabruta.com\/index.php\/wp-json\/wp\/v2\/posts"}],"about":[{"href":"https:\/\/www.lafraguabruta.com\/index.php\/wp-json\/wp\/v2\/types\/post"}],"author":[{"embeddable":true,"href":"https:\/\/www.lafraguabruta.com\/index.php\/wp-json\/wp\/v2\/users\/1"}],"replies":[{"embeddable":true,"href":"https:\/\/www.lafraguabruta.com\/index.php\/wp-json\/wp\/v2\/comments?post=1225"}],"version-history":[{"count":2,"href":"https:\/\/www.lafraguabruta.com\/index.php\/wp-json\/wp\/v2\/posts\/1225\/revisions"}],"predecessor-version":[{"id":1231,"href":"https:\/\/www.lafraguabruta.com\/index.php\/wp-json\/wp\/v2\/posts\/1225\/revisions\/1231"}],"wp:featuredmedia":[{"embeddable":true,"href":"https:\/\/www.lafraguabruta.com\/index.php\/wp-json\/wp\/v2\/media\/1257"}],"wp:attachment":[{"href":"https:\/\/www.lafraguabruta.com\/index.php\/wp-json\/wp\/v2\/media?parent=1225"}],"wp:term":[{"taxonomy":"category","embeddable":true,"href":"https:\/\/www.lafraguabruta.com\/index.php\/wp-json\/wp\/v2\/categories?post=1225"},{"taxonomy":"post_tag","embeddable":true,"href":"https:\/\/www.lafraguabruta.com\/index.php\/wp-json\/wp\/v2\/tags?post=1225"}],"curies":[{"name":"wp","href":"https:\/\/api.w.org\/{rel}","templated":true}]}}