{"id":1000,"date":"2021-04-28T15:36:26","date_gmt":"2021-04-28T15:36:26","guid":{"rendered":"https:\/\/www.lafraguabruta.com\/?p=1000"},"modified":"2021-10-12T16:18:39","modified_gmt":"2021-10-12T16:18:39","slug":"navegaciones-en-las-inmaterialidades-no-domesticas","status":"publish","type":"post","link":"https:\/\/www.lafraguabruta.com\/index.php\/2021\/04\/28\/navegaciones-en-las-inmaterialidades-no-domesticas\/","title":{"rendered":"NAVEGACIONES EN LAS (IN)MATERIALIDADES NO-DOM\u00c9STICAS"},"content":{"rendered":"\n<p class=\"has-text-align-left\"><strong>experimentando el medio con el cuerpo<\/strong><\/p>\n\n\n\n<p><strong>TALLER ON-LINE<\/strong><\/p>\n\n\n\n<p>\u00bfC\u00f3mo nos relacionamos con el espacio p\u00fablico? \u00bfC\u00f3mo relacionamos la imagen que nos hacemos de este y su materialidad? \u00bfConfiguran las fachadas, las carreteras, los locales el modo de estar juntos en relaci\u00f3n? \u00bfEs posible deambular por las rutas, los caminos, las carreteras sin l\u00edmites? \u00bfPodemos transformar la altura de los bordillos,  el di\u00e1metro de las farolas y la direcci\u00f3n de los coches moviendo tan solo nuestros cuerpos? \u00bfPodemos caminar haciendo el pino? \u00bfPodemos transformar nuestro h\u00e1bitat a fuerza de imaginar? \u00bfMirar lo que nos rodea suspendidos dos palmos por encima del suelo? \u00bfTrasladar el lugar en que se encuentra el campanario para ubicarlo cerca de nuestras manos? Este es un taller-portal para transcender un habitar acostumbrado del medio, abandonarnos al espacio de la re-presentaci\u00f3n y re-significarnos en relaci\u00f3n.<\/p>\n\n\n\n<p>*NOTA: y del taller-portal pasaremos en septiembre al laboratorio-nave.<\/p>\n\n\n\n<p><strong>MARCO TE\u00d3RICO<\/strong><\/p>\n\n\n\n<p>El mes pasado experimentamos el modo de transformar nuestros espacios dom\u00e9sticos abriendo el portal de lo sensible a nuestros cuerpos. En cuesti\u00f3n de un abrir y cerrar de ojos, pasamos del estado ilustrado al estado animal; doblamos nuestros cuerpos secos hacia h\u00famedos desiertos; trasladamos las arrugas de la abuela al umbral \u2013\u00bfcu\u00e1l umbral?\u2013 mientras nos vimos a nosotros mismos acurrucados en s\u00e1banas blancas de algod\u00f3n con olor a lavanda; En el negativo de la imagen que ten\u00edamos de nosotros mismos y de nuestra casa, asomaron en ese taller otros mundos posibles. <\/p>\n\n\n\n<p>En esta segunda propuesta navegando (in)materialidades, queremos sacar el cuerpo al espacio p\u00fablico para experimentar si sea posible una experiencia de habitar diluido del mismo. Caminaremos cartografiando los rincones, las esquinas, los enclaves som\u00e1ticos que nuestros cuerpos detectan antes que nuestras razones.  <\/p>\n\n\n\n<p>En el marco actual en que nos encontramos, las relaciones entre los cuerpos y el espacio p\u00fablico se ha visto fuertemente transformada. \u00a1Y ven\u00edamos ya casi de haber firmado el acta de defunci\u00f3n! El impacto de esta \u00e9poca en nuestros modos de habitar tanto el espacio dom\u00e9stico como la ciudad vaciada est\u00e1 a\u00fan por desplegarse \u2013vivimos en un momento bisagra de la historia\u2013. Pero desde ya podemos poner en pr\u00e1ctica herramientas para desmontar los esquemas con que nos relacionamos con el medio. Desde la mirada y la imagen, desde el cuerpo y sus extensiones, desde la materialidad de los muros y los objetos a la inmaterialidad intangible (invisible) a la que tenemos acceso como seres capaces de imaginar, sentir, relacionarnos, ver-o\u00edr m\u00e1s all\u00e1.<\/p>\n\n\n\n<p><strong>PROGRAMA<\/strong><\/p>\n\n\n\n<p>Si s\u00e9 donde voy, no voy.<\/p>\n\n\n\n<p><strong>DIN\u00c1MICA<\/strong><\/p>\n\n\n\n<p>El taller consta de una \u00fanica sesi\u00f3n de tres horas de duraci\u00f3n. Las primeras dos horas y media (aprox.) se explorar\u00e1n los l\u00edmites del espacio p\u00fablico a trav\u00e9s del juego. El tiempo restante pondremos en com\u00fan la experiencia para debatir, compartir, abrir nuevas preguntas. A los\/as inscritos\/as se les facilitar\u00e1 un .pdf con abundante material mediografico para que puedan seguir profundizando en las fuentes que han precedido al trabajo pr\u00e1ctico.<\/p>\n\n\n\n<p><\/p>\n\n\n\n<p><strong>DESTINATARIOS<\/strong><\/p>\n\n\n\n<p>Destinado a todo tipo de participantes con ganas de dejarse caer al misterio vivo de las cosas, con o sin experiencia en artes visuales o performativas y que quieran explorar algunas rutas para la creaci\u00f3n y\/o el autoconocimiento. <\/p>\n\n\n\n<p><\/p>\n\n\n\n<p><strong>HORARIOS Y PRECIOS<\/strong><\/p>\n\n\n\n<p>Domingo 30 de mayo de 2021. <br>De 18h. a 21h. <br>De 6 a 12 plazas. <br>20\u20ac el taller completo. <br>15\u20ac inscripciones anteriores al 15 de mayo de 2021. <br>15\u20ac participantes del Bruto-On-Cineclub.<\/p>\n\n\n\n<p><strong>A CARGO DE<\/strong><\/p>\n\n\n\n<div class=\"wp-block-image is-style-rounded\"><figure class=\"alignleft size-large is-resized\"><img data-recalc-dims=\"1\" loading=\"lazy\" decoding=\"async\" src=\"https:\/\/i0.wp.com\/www.lafraguabruta.com\/wp-content\/uploads\/2021\/03\/aitor.jpeg?resize=280%2C280&#038;ssl=1\" alt=\"\" class=\"wp-image-987\" width=\"280\" height=\"280\"\/><figcaption><a href=\"http:\/\/acavidi.com\" data-type=\"URL\" data-id=\"http:\/\/acavidi.com\"><strong>Aitor Casero<\/strong><\/a><\/figcaption><\/figure><\/div>\n\n\n\n<figure class=\"wp-block-image is-style-rounded\"><img data-recalc-dims=\"1\" loading=\"lazy\" decoding=\"async\" width=\"280\" height=\"280\" src=\"https:\/\/i0.wp.com\/www.lafraguabruta.com\/wp-content\/uploads\/2020\/06\/E.Arroyo_Perfil.png?resize=280%2C280&#038;ssl=1\" alt=\"\" class=\"wp-image-30\" srcset=\"https:\/\/i0.wp.com\/www.lafraguabruta.com\/wp-content\/uploads\/2020\/06\/E.Arroyo_Perfil.png?w=280&amp;ssl=1 280w, https:\/\/i0.wp.com\/www.lafraguabruta.com\/wp-content\/uploads\/2020\/06\/E.Arroyo_Perfil.png?resize=150%2C150&amp;ssl=1 150w\" sizes=\"auto, (max-width: 280px) 100vw, 280px\" \/><figcaption><strong><a href=\"https:\/\/www.lafraguabruta.com\/index.php\/las-brutas\/\">Elena Arroyo<\/a><\/strong><\/figcaption><\/figure>\n\n\n\n<p><\/p>\n\n\n\n<p><strong>INSCRIPCI\u00d3N<\/strong><\/p>\n\n\n\n<p>La inscripci\u00f3n se realizar\u00e1 mediante el env\u00edo de email a <a href=\"mailto: lafragua@lafraguabruta.com\">La Fragua Bruta<\/a> indicando el taller al cual se quiere asistir. El pago se realizar\u00e1 mediante transferencia bancaria indicando como concepto <strong>INMATER2<\/strong>. Una vez recibamos el justificante de ingreso, os reservamos la plaza para el encuentro respondiendo a vuestra inscripci\u00f3n con un correo de confirmaci\u00f3n. Si por razones que no est\u00e1n en nuestra mano el taller debe ser cancelado, procederemos al reembolso bancario.<\/p>\n","protected":false},"excerpt":{"rendered":"<p>\u00bfC\u00f3mo nos relacionamos con el espacio p\u00fablico? \u00bfConfiguran las fachadas, las carreteras, el transeunte ocasional, el modo de estar juntos en relaci\u00f3n? \u00bfEs posible deambular sin l\u00edmites? \u00bfPodemos transformar la altura de los bordillos moviendo nuestros cuerpos? \u00bfPodemos caminar suspendidos dos palmos por encima del suelo? Este es un taller-portal para transcender un habitar acostumbrado del medio, abandonarnos al espacio de la re-presentaci\u00f3n y re-significarnos en relaci\u00f3n.<\/p>\n","protected":false},"author":1,"featured_media":1001,"comment_status":"closed","ping_status":"open","sticky":false,"template":"","format":"standard","meta":{"footnotes":""},"categories":[4],"tags":[28,42,35,34,33,38,37,36,48,32,60,45,51,57,59,55,39,50,56,53,54,49,43,44,40,41,31,52],"class_list":["post-1000","post","type-post","status-publish","format-standard","has-post-thumbnail","hentry","category-intensivo","tag-arte","tag-arte-conceptual","tag-cine-de-autor","tag-cine-documental","tag-cine-ensayo","tag-cine-expandido","tag-cine-experimental","tag-cine-independiente","tag-cine-poesia","tag-cineclub","tag-cuerpo","tag-cursos-de-cine","tag-danza-y-cine","tag-derivas","tag-espacio-somatico","tag-estetica","tag-hablar-de-cine","tag-jugar","tag-mailart","tag-mindfullnes","tag-paseo","tag-playground","tag-procesos-de-creacion","tag-talleres-de-arte","tag-talleres-on-line","tag-vanguardias","tag-videoarte","tag-videodanza"],"_links":{"self":[{"href":"https:\/\/www.lafraguabruta.com\/index.php\/wp-json\/wp\/v2\/posts\/1000","targetHints":{"allow":["GET"]}}],"collection":[{"href":"https:\/\/www.lafraguabruta.com\/index.php\/wp-json\/wp\/v2\/posts"}],"about":[{"href":"https:\/\/www.lafraguabruta.com\/index.php\/wp-json\/wp\/v2\/types\/post"}],"author":[{"embeddable":true,"href":"https:\/\/www.lafraguabruta.com\/index.php\/wp-json\/wp\/v2\/users\/1"}],"replies":[{"embeddable":true,"href":"https:\/\/www.lafraguabruta.com\/index.php\/wp-json\/wp\/v2\/comments?post=1000"}],"version-history":[{"count":4,"href":"https:\/\/www.lafraguabruta.com\/index.php\/wp-json\/wp\/v2\/posts\/1000\/revisions"}],"predecessor-version":[{"id":1005,"href":"https:\/\/www.lafraguabruta.com\/index.php\/wp-json\/wp\/v2\/posts\/1000\/revisions\/1005"}],"wp:featuredmedia":[{"embeddable":true,"href":"https:\/\/www.lafraguabruta.com\/index.php\/wp-json\/wp\/v2\/media\/1001"}],"wp:attachment":[{"href":"https:\/\/www.lafraguabruta.com\/index.php\/wp-json\/wp\/v2\/media?parent=1000"}],"wp:term":[{"taxonomy":"category","embeddable":true,"href":"https:\/\/www.lafraguabruta.com\/index.php\/wp-json\/wp\/v2\/categories?post=1000"},{"taxonomy":"post_tag","embeddable":true,"href":"https:\/\/www.lafraguabruta.com\/index.php\/wp-json\/wp\/v2\/tags?post=1000"}],"curies":[{"name":"wp","href":"https:\/\/api.w.org\/{rel}","templated":true}]}}